{"id":347,"date":"2022-08-08T20:38:00","date_gmt":"2022-08-08T18:38:00","guid":{"rendered":"http:\/\/maelrannou.fr\/envrac\/?p=347"},"modified":"2025-04-22T07:12:54","modified_gmt":"2025-04-22T05:12:54","slug":"gudule-compagne-de-route-de-la-bande-dessinee","status":"publish","type":"post","link":"https:\/\/maelrannou.fr\/envrac\/?p=347","title":{"rendered":"Gudule, compagne de route de la bande dessin\u00e9e"},"content":{"rendered":"\n<p class=\"has-black-color has-text-color\">Il y a quelques ann\u00e9es le site <a href=\"https:\/\/www.bodoi.info\/\" data-type=\"URL\" data-id=\"https:\/\/www.bodoi.info\/\">Bodo\u00ef<\/a> a plant\u00e9 et pas mal d&rsquo;articles ont disparu \u00e0 jamais. La disparition de certaines de mes chroniques, que je n&rsquo;ai pas conserv\u00e9es par ailleurs, ne m&rsquo;a pas particuli\u00e8rement rendu triste puisque c\u2019est surtout de l\u2019actualit\u00e9, et qu&rsquo;on retrouvait trace de ces titres ailleurs. Cependant il y avait un texte qui \u00e9tait un peu unique, une n\u00e9crologie de l&rsquo;autrice Gudule, tr\u00e8s connue pour ses livres jeunesses, et tant d&rsquo;autres, qui avait crois\u00e9 le chemin de la bande dessin\u00e9e de mani\u00e8re plus ou moins proche au long de sa carri\u00e8re. Il y a peu, j&rsquo;ai pens\u00e9 \u00e0 regarder si c&rsquo;\u00e9tait sur archives du web et, \u00e9videmment, \u00e7a y \u00e9tait. Bref, pour archive, ce qui est un peu le but de ce site o\u00f9 je ramasse des choses \u00e0 moi ici o\u00f9 l\u00e0, voici donc ce texte, augment\u00e9 de deux pages de Gudule dessinatrice.<\/p>\n\n\n<div class=\"wp-block-image\">\n<figure class=\"aligncenter size-full\"><img loading=\"lazy\" decoding=\"async\" width=\"300\" height=\"400\" src=\"https:\/\/maelrannou.fr\/envrac\/wp-content\/uploads\/sites\/3\/2022\/08\/kwi.jpg\" alt=\"\" class=\"wp-image-352\" srcset=\"https:\/\/maelrannou.fr\/envrac\/wp-content\/uploads\/sites\/3\/2022\/08\/kwi.jpg 300w, https:\/\/maelrannou.fr\/envrac\/wp-content\/uploads\/sites\/3\/2022\/08\/kwi-225x300.jpg 225w\" sizes=\"auto, (max-width: 300px) 100vw, 300px\" \/><figcaption class=\"wp-element-caption\"><em>Kwika <\/em>est un des rares albums publi\u00e9 <br>comprenant des sc\u00e9narios de Gudule<\/figcaption><\/figure>\n<\/div>\n\n\n<h1 class=\"wp-block-heading has-black-color has-text-color\">D\u00e9c\u00e8s de Gudule, amie de la bande dessin\u00e9e <img decoding=\"async\" src=\"https:\/\/web.archive.org\/web\/20150526071017im_\/http:\/\/www.bodoi.info\/wp-content\/themes\/extranews\/images\/0.png\"><\/h1>\n\n\n\n<p class=\"has-black-color has-text-color\">22 mai 2015 | <a href=\"https:\/\/web.archive.org\/web\/20150526071017\/http:\/\/www.bodoi.info\/author\/mael\/\">Ma\u00ebl Rannou<\/a><\/p>\n\n\n\n<p class=\"has-black-color has-text-color\">Anne Dugu\u00ebl, d\u00eetes <strong>Gudule<\/strong>, est d\u00e9c\u00e9d\u00e9e jeudi 21 mai \u00e0 l\u2019\u00e2ge de 69 ans. C\u00e9l\u00e8bre et tr\u00e8s prolifique auteure jeunesse, mais n\u2019h\u00e9sitant pas \u00e0 s\u2019aventurer dans le roman adulte, c\u2019\u00e9tait aussi <strong>une compagne de route bien connue des amateurs de bande dessin\u00e9e<\/strong>.<\/p>\n\n\n\n<p class=\"has-black-color has-text-color\">Membre d\u2019une famille d\u2019artiste, elle est notamment la m\u00e8re d\u2019<strong>Olivier Ka<\/strong> \u2013 sc\u00e9nariste notamment de <em>Pourquoi j\u2019ai tu\u00e9 Pierre<\/em> \u2013 et de <strong>M\u00e9laka<\/strong>, auteure et pionni\u00e8re des blogs BD. Au-del\u00e0 de cette filiation, sa signature \u00e9tait pr\u00e9sente dans de nombreuses revues majeures du neuvi\u00e8me art. Durant des ann\u00e9es, on pouvait la lire dans<em>&nbsp;Pif Gadget<\/em>,&nbsp;<em>Charlie Hebdo<\/em>,&nbsp;<em>Fluide Glacial<\/em>, <em>L\u2019\u00c9cho des savanes<\/em>&nbsp;et, bien s\u00fbr, <strong>le&nbsp;<em>Psikopat<\/em>, qu\u2019elle avait contribu\u00e9 \u00e0 fonder.<\/strong><\/p>\n\n\n\n<p class=\"has-black-color has-text-color\">Elle y \u00e9crivait surtout des textes, mais sc\u00e9narisa quelques r\u00e9cits, souvent dessin\u00e9s par <strong>Paul Carali<\/strong>, son compagnon d\u2019alors (on a pu les retrouver dans les albums&nbsp;<em>L\u2019Amalgame<\/em>&nbsp;et&nbsp;<em>Kwika<\/em>). Les plus curieux avaient m\u00eame pu la d\u00e9couvrir <strong>dessinatrice dans&nbsp;<em>Le Havane Primesautier<\/em>, fanzine de Charlie Schlingo<\/strong>, elle y r\u00e9v\u00e9lait un trait Chagalien dont elle n\u2019aurait pas \u00e0 rougir.<\/p>\n\n\n\n<p class=\"has-black-color has-text-color\">Progressivement \u00e9loign\u00e9e de ce milieu, elle s\u2019\u00e9tait \u00e9panouie dans le <strong>roman<\/strong> et les nouvelles, r\u00e9alisant une \u0153uvre pl\u00e9thorique mais riche, reconnue aussi bien par le public que les institutions. De la litt\u00e9rature jeunesse, mais pas que, parlant toujours \u00e0 tous et n\u2019h\u00e9sitant pas \u00e0 explorer le petit quotidien comme le fantastique.<\/p>\n\n\n\n<p class=\"has-black-color has-text-color\">Toutefois, cela ne le d\u00e9connecte pas du tout de la bande dessin\u00e9e puisque tout amateur se doit d\u2019avoir lu&nbsp;<strong><em>Ka\u00efra<\/em><\/strong>, roman ado paru en 2001 chez Flammarion, <strong>racontant \u00e0 travers une histoire d\u2019amour le quotidien d\u2019une r\u00e9daction de journal de bande dessin\u00e9e<\/strong>. La conception, les relations avec les auteurs, les f\u00eates quasi-orgiaques\u2026 on y d\u00e9couvrait l\u2019envers de l\u2019\u00e9dition ind\u00e9pendante, son charme foutraque et ses probl\u00e8mes logistique. On y reconnaissait bien s\u00fbr le <em>Psikopat<\/em>, mais le roman sentait aussi&nbsp;<em>Hara Kiri<\/em>. Ouvrage atypique, <em>Ka\u00efra<\/em> \u00e9tait autant un vecteur de vulgarisation qu\u2019une d\u00e9claration d\u2019amour au m\u00e9dium.<\/p>\n\n\n\n<p class=\"has-black-color has-text-color\">Pour conclure, nous vous recommandons d\u2019<a rel=\"noreferrer noopener\" href=\"https:\/\/web.archive.org\/web\/20150526071017\/http:\/\/gudule.eklablog.com\/\" target=\"_blank\">aller relire son blog<\/a>, dont la derni\u00e8re note dat\u00e9e du 19 mai montre cet \u00e9ternel d\u00e9sir de cr\u00e9ation.<\/p>\n\n\n<div class=\"wp-block-image is-resized\">\n<figure class=\"aligncenter size-full\"><img loading=\"lazy\" decoding=\"async\" width=\"387\" height=\"600\" src=\"https:\/\/maelrannou.fr\/envrac\/wp-content\/uploads\/sites\/3\/2022\/08\/karia.jpg\" alt=\"\" class=\"wp-image-351\" srcset=\"https:\/\/maelrannou.fr\/envrac\/wp-content\/uploads\/sites\/3\/2022\/08\/karia.jpg 387w, https:\/\/maelrannou.fr\/envrac\/wp-content\/uploads\/sites\/3\/2022\/08\/karia-194x300.jpg 194w\" sizes=\"auto, (max-width: 387px) 100vw, 387px\" \/><figcaption class=\"wp-element-caption\">Le roman <em>Ka\u00efra <\/em>dans une \u00e9dition r\u00e9cente<\/figcaption><\/figure>\n<\/div>\n\n\n<p class=\"has-text-align-center has-black-color has-text-color\">&#8212;&#8212;<\/p>\n\n\n\n<p class=\"has-black-color has-text-color\">En conclusion de la republication de 2022, deux rares pages de bande dessin\u00e9es que Gudule a int\u00e9gralement r\u00e9alis\u00e9e, parue dans <em>Le Havane Primesautier <\/em>n\u00b0 (chaud) 7, Artefact, janvier 1980.<\/p>\n\n\n\n<figure class=\"wp-block-image size-large\"><img loading=\"lazy\" decoding=\"async\" width=\"710\" height=\"1024\" src=\"https:\/\/maelrannou.fr\/envrac\/wp-content\/uploads\/sites\/3\/2022\/08\/0101-710x1024.jpg\" alt=\"\" class=\"wp-image-348\" srcset=\"https:\/\/maelrannou.fr\/envrac\/wp-content\/uploads\/sites\/3\/2022\/08\/0101-710x1024.jpg 710w, https:\/\/maelrannou.fr\/envrac\/wp-content\/uploads\/sites\/3\/2022\/08\/0101-208x300.jpg 208w, https:\/\/maelrannou.fr\/envrac\/wp-content\/uploads\/sites\/3\/2022\/08\/0101-768x1108.jpg 768w, https:\/\/maelrannou.fr\/envrac\/wp-content\/uploads\/sites\/3\/2022\/08\/0101-1065x1536.jpg 1065w, https:\/\/maelrannou.fr\/envrac\/wp-content\/uploads\/sites\/3\/2022\/08\/0101.jpg 1280w\" sizes=\"auto, (max-width: 710px) 100vw, 710px\" \/><\/figure>\n\n\n\n<figure class=\"wp-block-image size-large\"><img loading=\"lazy\" decoding=\"async\" width=\"722\" height=\"1024\" src=\"https:\/\/maelrannou.fr\/envrac\/wp-content\/uploads\/sites\/3\/2022\/08\/0202-722x1024.jpg\" alt=\"\" class=\"wp-image-349\" srcset=\"https:\/\/maelrannou.fr\/envrac\/wp-content\/uploads\/sites\/3\/2022\/08\/0202-722x1024.jpg 722w, https:\/\/maelrannou.fr\/envrac\/wp-content\/uploads\/sites\/3\/2022\/08\/0202-211x300.jpg 211w, https:\/\/maelrannou.fr\/envrac\/wp-content\/uploads\/sites\/3\/2022\/08\/0202-768x1090.jpg 768w, https:\/\/maelrannou.fr\/envrac\/wp-content\/uploads\/sites\/3\/2022\/08\/0202-1083x1536.jpg 1083w, https:\/\/maelrannou.fr\/envrac\/wp-content\/uploads\/sites\/3\/2022\/08\/0202.jpg 1280w\" sizes=\"auto, (max-width: 722px) 100vw, 722px\" \/><\/figure>\n","protected":false},"excerpt":{"rendered":"<p>Il y a quelques ann\u00e9es le site Bodo\u00ef a plant\u00e9 et pas mal d&rsquo;articles ont disparu \u00e0 jamais. La disparition de certaines de mes chroniques, que je n&rsquo;ai pas conserv\u00e9es par ailleurs, ne m&rsquo;a pas particuli\u00e8rement rendu triste puisque c\u2019est surtout de l\u2019actualit\u00e9, et qu&rsquo;on retrouvait trace de ces titres ailleurs. Cependant il y avait &hellip; <\/p>\n<p class=\"link-more\"><a href=\"https:\/\/maelrannou.fr\/envrac\/?p=347\" class=\"more-link\">Continuer la lecture<span class=\"screen-reader-text\"> de &laquo;&nbsp;Gudule, compagne de route de la bande dessin\u00e9e&nbsp;&raquo;<\/span><\/a><\/p>\n","protected":false},"author":2,"featured_media":354,"comment_status":"open","ping_status":"open","sticky":false,"template":"","format":"standard","meta":{"footnotes":""},"categories":[46,22],"tags":[],"class_list":["post-347","post","type-post","status-publish","format-standard","has-post-thumbnail","hentry","category-bande-dessinee","category-en-passant"],"_links":{"self":[{"href":"https:\/\/maelrannou.fr\/envrac\/index.php?rest_route=\/wp\/v2\/posts\/347","targetHints":{"allow":["GET"]}}],"collection":[{"href":"https:\/\/maelrannou.fr\/envrac\/index.php?rest_route=\/wp\/v2\/posts"}],"about":[{"href":"https:\/\/maelrannou.fr\/envrac\/index.php?rest_route=\/wp\/v2\/types\/post"}],"author":[{"embeddable":true,"href":"https:\/\/maelrannou.fr\/envrac\/index.php?rest_route=\/wp\/v2\/users\/2"}],"replies":[{"embeddable":true,"href":"https:\/\/maelrannou.fr\/envrac\/index.php?rest_route=%2Fwp%2Fv2%2Fcomments&post=347"}],"version-history":[{"count":6,"href":"https:\/\/maelrannou.fr\/envrac\/index.php?rest_route=\/wp\/v2\/posts\/347\/revisions"}],"predecessor-version":[{"id":938,"href":"https:\/\/maelrannou.fr\/envrac\/index.php?rest_route=\/wp\/v2\/posts\/347\/revisions\/938"}],"wp:featuredmedia":[{"embeddable":true,"href":"https:\/\/maelrannou.fr\/envrac\/index.php?rest_route=\/wp\/v2\/media\/354"}],"wp:attachment":[{"href":"https:\/\/maelrannou.fr\/envrac\/index.php?rest_route=%2Fwp%2Fv2%2Fmedia&parent=347"}],"wp:term":[{"taxonomy":"category","embeddable":true,"href":"https:\/\/maelrannou.fr\/envrac\/index.php?rest_route=%2Fwp%2Fv2%2Fcategories&post=347"},{"taxonomy":"post_tag","embeddable":true,"href":"https:\/\/maelrannou.fr\/envrac\/index.php?rest_route=%2Fwp%2Fv2%2Ftags&post=347"}],"curies":[{"name":"wp","href":"https:\/\/api.w.org\/{rel}","templated":true}]}}