{"id":583,"date":"2023-09-11T11:44:49","date_gmt":"2023-09-11T09:44:49","guid":{"rendered":"https:\/\/maelrannou.fr\/envrac\/?p=583"},"modified":"2023-09-11T11:47:40","modified_gmt":"2023-09-11T09:47:40","slug":"delisle-en-fiction-mais-bien-present-au-detour-du-donjon","status":"publish","type":"post","link":"https:\/\/maelrannou.fr\/envrac\/?p=583","title":{"rendered":"Delisle en fiction, mais bien pr\u00e9sent, au d\u00e9tour du Donjon&#8230;"},"content":{"rendered":"\n<p class=\"has-black-color has-text-color\">Guy Delisle a toujours publi\u00e9 de la fiction&nbsp;: ses premi\u00e8res planches publi\u00e9es au Qu\u00e9bec en \u00e9taient, comme celles publi\u00e9es en France \u00e0 partir de 1995 (d\u2019abord dans le fanzine r\u00e9unionnais <em>Le Cri du Margouillat<\/em>, quelques mois apr\u00e8s dans <em>Lapin<\/em>, revue de l\u2019Association), et ses premiers albums&nbsp;: <em>R\u00e9flexions <\/em>(1996), <em>Aline et les autres<\/em> (1999), etc. La pr\u00e9publication de <em>Shenzen <\/em>commence dans le <em>Lapin <\/em>n\u00b0 20 en juillet 1998, le recueil paraissant en 2000 et lan\u00e7ant la carri\u00e8re d\u2019autobiographe de Delisle. <em>Pyongyang<\/em>, journal de Cor\u00e9e du Nord (2003), est un des grands succ\u00e8s de l\u2019Association, et quand Delisle passe chez Delcourt avec <em>Chroniques Birmanes<\/em> (2007) puis<em> Chroniques de J\u00e9rusalem <\/em>(2011), il obtient carr\u00e9ment le Fauve d\u2019or d\u2019Angoul\u00eame. Chez le m\u00eame \u00e9diteur paraissent les quatre volumes du<em> Guide du mauvais p\u00e8re<\/em> (2013-2018), qui se veulent plus un ensemble de gags sur la parentalit\u00e9, puis derni\u00e8rement <em>Chroniques de jeunesse<\/em> (2021), r\u00e9cit d\u2019un job d\u00a0\u00bb\u00e9t\u00e9 dans une iconique usine \u00e0 papier de Qu\u00e9bec durant trois ans. Il s\u2019y repr\u00e9sente toujours sous ce visage simple et reconnaissable&nbsp;:<\/p>\n\n\n<div class=\"wp-block-image\">\n<figure class=\"aligncenter size-full is-resized\"><img loading=\"lazy\" decoding=\"async\" src=\"https:\/\/maelrannou.fr\/envrac\/wp-content\/uploads\/sites\/3\/2023\/09\/guide-mauvais.jpg\" alt=\"\" class=\"wp-image-590\" style=\"width:403px;height:593px\" width=\"403\" height=\"593\" srcset=\"https:\/\/maelrannou.fr\/envrac\/wp-content\/uploads\/sites\/3\/2023\/09\/guide-mauvais.jpg 589w, https:\/\/maelrannou.fr\/envrac\/wp-content\/uploads\/sites\/3\/2023\/09\/guide-mauvais-204x300.jpg 204w\" sizes=\"auto, (max-width: 403px) 100vw, 403px\" \/><figcaption class=\"wp-element-caption\">Extrait du<em> Guide du Mauvais P\u00e8re<\/em> T1, Delcourt, 2013.<\/figcaption><\/figure>\n<\/div>\n\n\n<p class=\"has-black-color has-text-color\">L\u2019\u0153uvre autobiographique marque la r\u00e9ception du travail de Delisle. Il n\u2019a pourtant jamais abandonn\u00e9 les albums n\u2019appartenant pas \u00e0 ce champ : <em>Inspecteur Moroni <\/em>(Dargaud, 3 tomes, 2001-2004), <em>Comment ne rien faire<\/em> (La Past\u00e8que, 2002, o\u00f9 l\u2019on retrouve toutefois un alter ego pouvant \u00e9voque l\u2019autofiction), <em>Louis <\/em>(Delcourt, 2 tomes, 2005-2008), adaptation de Jean Echenoz avec<em> Ici ou ailleurs <\/em>(L\u2019Association, 2019), etc. L\u2019annonce de sa participation au projet <em>Donjon<\/em>, s\u00e9rie de fantasy tentaculaire sc\u00e9naris\u00e9e par Joann Sfar et Lewis Trondheim, a cependant surpris, pas tant pour l\u2019aspect fictionnel que pour le r\u00e9cit de genre et l\u2019aspect animalier. Pour le reste, Delisle est compl\u00e8tement issu du m\u00eame monde \u00e9ditorial que Sfar et Trondheim, par ailleurs son \u00e9diteur chez Delcourt, donc la collaboration n\u2019est pas \u00e9tonnante. J\u2019ai lu cet album avec un r\u00e9el plaisir. Globalement j\u2019aime bien <em>Donjon<\/em>, mais dans la masse il y a quand m\u00eame de l\u2019anecdotique, ici j\u2019ai trouv\u00e9 le sc\u00e9nario vraiment int\u00e9ressant, avec un attachant personnage d\u2019apprenti juriste devenue porte-parole des morts de la N\u00e9cropole des pauvres, menac\u00e9e de destruction par les bourgeois\u2026<\/p>\n\n\n<div class=\"wp-block-image\">\n<figure class=\"aligncenter size-full is-resized\"><img loading=\"lazy\" decoding=\"async\" src=\"https:\/\/maelrannou.fr\/envrac\/wp-content\/uploads\/sites\/3\/2023\/09\/qqparta.jpg\" alt=\"\" class=\"wp-image-587\" style=\"width:524px;height:690px\" width=\"524\" height=\"690\" srcset=\"https:\/\/maelrannou.fr\/envrac\/wp-content\/uploads\/sites\/3\/2023\/09\/qqparta.jpg 608w, https:\/\/maelrannou.fr\/envrac\/wp-content\/uploads\/sites\/3\/2023\/09\/qqparta-228x300.jpg 228w\" sizes=\"auto, (max-width: 524px) 100vw, 524px\" \/><\/figure>\n<\/div>\n\n\n<p class=\"has-black-color has-text-color\">Si je voulais d\u00e9velopper mon avis sur l&rsquo;album, je pourrais toutefois le faire sous la forme d&rsquo;une classique chronique pour un des divers sites auquel je contribue. Ce qui m&rsquo;a intrigu\u00e9 dans cet album et que je voulais d\u00e9velopper ici est ce court passage, \u00e0 l&rsquo;intersection des pages 23-24 (pour les folios de l&rsquo;album, sur la num\u00e9rotation stricte des planches il s&rsquo;agit des 21-22).<\/p>\n\n\n<div class=\"wp-block-image\">\n<figure class=\"aligncenter size-large\"><img loading=\"lazy\" decoding=\"async\" width=\"1024\" height=\"924\" src=\"https:\/\/maelrannou.fr\/envrac\/wp-content\/uploads\/sites\/3\/2023\/09\/Delise-Donjon01-1024x924.jpg\" alt=\"\" class=\"wp-image-592\" srcset=\"https:\/\/maelrannou.fr\/envrac\/wp-content\/uploads\/sites\/3\/2023\/09\/Delise-Donjon01-1024x924.jpg 1024w, https:\/\/maelrannou.fr\/envrac\/wp-content\/uploads\/sites\/3\/2023\/09\/Delise-Donjon01-300x271.jpg 300w, https:\/\/maelrannou.fr\/envrac\/wp-content\/uploads\/sites\/3\/2023\/09\/Delise-Donjon01-768x693.jpg 768w, https:\/\/maelrannou.fr\/envrac\/wp-content\/uploads\/sites\/3\/2023\/09\/Delise-Donjon01-1536x1386.jpg 1536w, https:\/\/maelrannou.fr\/envrac\/wp-content\/uploads\/sites\/3\/2023\/09\/Delise-Donjon01-2048x1848.jpg 2048w\" sizes=\"auto, (max-width: 767px) 89vw, (max-width: 1000px) 54vw, (max-width: 1071px) 543px, 580px\" \/><\/figure>\n<\/div>\n\n\n<figure class=\"wp-block-image size-large\"><img loading=\"lazy\" decoding=\"async\" width=\"1024\" height=\"987\" src=\"https:\/\/maelrannou.fr\/envrac\/wp-content\/uploads\/sites\/3\/2023\/09\/Delise-Donjon02-1024x987.jpg\" alt=\"\" class=\"wp-image-593\" srcset=\"https:\/\/maelrannou.fr\/envrac\/wp-content\/uploads\/sites\/3\/2023\/09\/Delise-Donjon02-1024x987.jpg 1024w, https:\/\/maelrannou.fr\/envrac\/wp-content\/uploads\/sites\/3\/2023\/09\/Delise-Donjon02-300x289.jpg 300w, https:\/\/maelrannou.fr\/envrac\/wp-content\/uploads\/sites\/3\/2023\/09\/Delise-Donjon02-768x740.jpg 768w, https:\/\/maelrannou.fr\/envrac\/wp-content\/uploads\/sites\/3\/2023\/09\/Delise-Donjon02.jpg 1038w\" sizes=\"auto, (max-width: 767px) 89vw, (max-width: 1000px) 54vw, (max-width: 1071px) 543px, 580px\" \/><\/figure>\n\n\n\n<p class=\"has-black-color has-text-color\">Le r\u00e9cit sera globalement incompr\u00e9hensible \u00e0 qui n\u2019a pas lu l\u2019album, mais on ne peut que reconna\u00eetre les traits de l\u2019auteur, l\u00e9g\u00e8rement transform\u00e9s par l\u2019aspect animalier, dans le malheureux signataire. Le moins que l\u2019on puisse dire est qu\u2019il se dessine en f\u00e2cheuse posture ! Un amusant clin d\u2019\u0153il, au gr\u00e9 d\u2019un personnage secondaire, permettant de faire du lien inter-\u0153uvres pour les <em>aficionados<\/em>.<\/p>\n\n\n\n<p class=\"has-black-color has-text-color\">Si la boutade est sans nul doute l\u2019argument principal, on ne peut que noter un deuxi\u00e8me \u00e9tage \u00e0 cette sc\u00e8ne. Le personnage, sans nom, est ici tu\u00e9 par Guillaume de la Cour. Ce poulet fort peu sympathique est, lui, un personnage r\u00e9current du multivers de <em>Donjon <\/em>(p\u00e9riode Z\u00e9nith). Ce juriste joyeusement escroc, expert en contrats aux micro-d\u00e9tails douteux et porteur de l\u2019\u00e9p\u00e9e du destin, est particuli\u00e8rement remarquable pour son manque d\u2019\u00e9thique, son antipathie \u00e9vidente et\u2026 son patronyme \u00e9voquant de mani\u00e8re \u00e0 peine masqu\u00e9e l\u2019\u00e9diteur de la s\u00e9rie, Guy Delcourt.<\/p>\n\n\n\n<p class=\"has-black-color has-text-color\">Bien s\u00fbr, le personnage existant depuis des ann\u00e9es sans encombre, il s\u2019agit plus d\u2019un clin d\u2019\u0153il boutade de Sfar et Trondheim au cursus de leur \u00e9diteur, venu d\u2019\u00e9cole de commerce (m\u00eame s\u2019il a d\u00e9but\u00e9 dans les fanzines) et apportant une vision tr\u00e8s market\u00e9e \u00e0 l\u2019\u00e9dition franco-belge. Le croiser ici ne d\u00e9roge pas \u00e0 la r\u00e8gle habituelle. Il reste que le fait que Delisle ait choisi de donner ses traits \u00e0 ce personnage d\u00e9capit\u00e9 par la repr\u00e9sentation, m\u00eame connivente, de son \u00e9diteur, ne peut que faire fantasmer sur l\u2019\u00e9tat de leurs relations\u2026<\/p>\n\n\n\n<p class=\"has-black-color has-text-color has-small-font-size\">PS : En \u00e9crivant cet article, je d\u00e9couvre qu\u2019il existe un auteur de bande dessin\u00e9e, entr\u00e9 en activit\u00e9 bien apr\u00e8s la cr\u00e9ation du personnage,<a href=\"https:\/\/www.bedetheque.com\/auteur-34236-BD-Delacour-Guillaume.html\"> qui porte le m\u00eame nom (\u00e9crit l\u00e9g\u00e8rement diff\u00e9remment)<\/a>. Cela \u00e9tant, au regard de ses planches, je doute qu\u2019il ne dessine un jour un <em>Donjon <\/em>consacr\u00e9 au vil poulet, ce qui aurait \u00e9t\u00e9 amusant.<\/p>\n\n\n\n<p class=\"has-black-color has-text-color has-small-font-size\">Merci \u00e0 S\u00e9verine Marque qui m\u2019a scann\u00e9 les pages de l\u2019album, que je n\u2019avais plus sous la main !<\/p>\n","protected":false},"excerpt":{"rendered":"<p>Guy Delisle a toujours publi\u00e9 de la fiction&nbsp;: ses premi\u00e8res planches publi\u00e9es au Qu\u00e9bec en \u00e9taient, comme celles publi\u00e9es en France \u00e0 partir de 1995 (d\u2019abord dans le fanzine r\u00e9unionnais Le Cri du Margouillat, quelques mois apr\u00e8s dans Lapin, revue de l\u2019Association), et ses premiers albums&nbsp;: R\u00e9flexions (1996), Aline et les autres (1999), etc. La &hellip; <\/p>\n<p class=\"link-more\"><a href=\"https:\/\/maelrannou.fr\/envrac\/?p=583\" class=\"more-link\">Continuer la lecture<span class=\"screen-reader-text\"> de &laquo;&nbsp;Delisle en fiction, mais bien pr\u00e9sent, au d\u00e9tour du Donjon&#8230;&nbsp;&raquo;<\/span><\/a><\/p>\n","protected":false},"author":2,"featured_media":586,"comment_status":"open","ping_status":"open","sticky":false,"template":"","format":"standard","meta":{"footnotes":""},"categories":[46,22],"tags":[231,232,233,6,2,4,230,228,227,229,3,161],"class_list":["post-583","post","type-post","status-publish","format-standard","has-post-thumbnail","hentry","category-bande-dessinee","category-en-passant","tag-animalier","tag-anthropomorphisme","tag-autoportrait","tag-bande-dessinee","tag-bd","tag-bdq","tag-delcourt","tag-donjon","tag-fantasy","tag-lewis-trondheim","tag-quebec","tag-sfar"],"_links":{"self":[{"href":"https:\/\/maelrannou.fr\/envrac\/index.php?rest_route=\/wp\/v2\/posts\/583","targetHints":{"allow":["GET"]}}],"collection":[{"href":"https:\/\/maelrannou.fr\/envrac\/index.php?rest_route=\/wp\/v2\/posts"}],"about":[{"href":"https:\/\/maelrannou.fr\/envrac\/index.php?rest_route=\/wp\/v2\/types\/post"}],"author":[{"embeddable":true,"href":"https:\/\/maelrannou.fr\/envrac\/index.php?rest_route=\/wp\/v2\/users\/2"}],"replies":[{"embeddable":true,"href":"https:\/\/maelrannou.fr\/envrac\/index.php?rest_route=%2Fwp%2Fv2%2Fcomments&post=583"}],"version-history":[{"count":8,"href":"https:\/\/maelrannou.fr\/envrac\/index.php?rest_route=\/wp\/v2\/posts\/583\/revisions"}],"predecessor-version":[{"id":596,"href":"https:\/\/maelrannou.fr\/envrac\/index.php?rest_route=\/wp\/v2\/posts\/583\/revisions\/596"}],"wp:featuredmedia":[{"embeddable":true,"href":"https:\/\/maelrannou.fr\/envrac\/index.php?rest_route=\/wp\/v2\/media\/586"}],"wp:attachment":[{"href":"https:\/\/maelrannou.fr\/envrac\/index.php?rest_route=%2Fwp%2Fv2%2Fmedia&parent=583"}],"wp:term":[{"taxonomy":"category","embeddable":true,"href":"https:\/\/maelrannou.fr\/envrac\/index.php?rest_route=%2Fwp%2Fv2%2Fcategories&post=583"},{"taxonomy":"post_tag","embeddable":true,"href":"https:\/\/maelrannou.fr\/envrac\/index.php?rest_route=%2Fwp%2Fv2%2Ftags&post=583"}],"curies":[{"name":"wp","href":"https:\/\/api.w.org\/{rel}","templated":true}]}}