{"id":780,"date":"2024-11-04T11:51:14","date_gmt":"2024-11-04T10:51:14","guid":{"rendered":"https:\/\/maelrannou.fr\/envrac\/?p=780"},"modified":"2024-11-04T11:57:00","modified_gmt":"2024-11-04T10:57:00","slug":"les-papas-des-heros-de-bede","status":"publish","type":"post","link":"https:\/\/maelrannou.fr\/envrac\/?p=780","title":{"rendered":"Les papas des h\u00e9ros de b\u00e9d\u00e9"},"content":{"rendered":"\n<p class=\"has-black-color has-text-color has-link-color wp-elements-dfcc2b72ba5934b75b6bf57d9917bcdf\">R\u00e9guli\u00e8rement, je lis des entretiens d&rsquo;auteurs et autrices de bande dessin\u00e9es, parfois aussi, je lis des n\u00e9crologies. Dans les deux cas, les sujets sont souvent pr\u00e9sent\u00e9s comme les parents de personnages qu&rsquo;ils ont cr\u00e9\u00e9, cela \u00e9nerve souvent mes pairs, notamment lors des d\u00e9c\u00e8s : cela manque de solennit\u00e9 et, surtout, cela prouve l&rsquo;infantilisation de la bande dessin\u00e9e, le m\u00e9pris sous-jacent d&rsquo;un truc un peu neuneu, qui dirait \u00ab\u00a0le papa de [tel ou tel truc l\u00e9gitimes]\u00a0\u00bb. C&rsquo;est un th\u00e8me que Xavier Guilbert, de Du9, aborde souvent sur X (ex-Twitter), je l&rsquo;ai vu il y a quelques mois sur le m\u00eame ton par l&rsquo;auteur et \u00e9diteur Jean-Christophe Menu sur Facebook.<\/p>\n\n\n\n<p class=\"has-black-color has-text-color has-link-color wp-elements-fa2f2e363c771c192c8ee8275cb18403\">Pourtant, si c&rsquo;est constant dans le cas des auteurs BD, \u00e7a me semble ici \u00eatre plut\u00f4t un auto-complexe, une mani\u00e8re de se voir d\u00e9l\u00e9gitim\u00e9 par rapport \u00e0 d&rsquo;autres arts\/champs. Dans les faits, une recherche rapide sur des sujets montre assez rapidement que \u00ab\u00a0p\u00e8re de\u00a0\u00bb est une expression tr\u00e8s usuelle quand il y a un d\u00e9c\u00e8s, particuli\u00e8rement avec des auteurs ayant cr\u00e9\u00e9 des personnages, et pas qu&rsquo;en bande dessin\u00e9e. Ainsi, en me limitant \u00e0 des sites journalistiques (je ne recense pas les blogs ou critiques de fan, car l\u00e0 il y en a encore plus) on peut voir que cela concerne des romanciers divers, parfois dans des productions peu l\u00e9gitimes, donc qu&rsquo;on peut mettre dans le m\u00eame paquet. Exemples ci-dessous (cliquer sur les liens am\u00e8ne vers les articles).<\/p>\n\n\n<div class=\"wp-block-image\">\n<figure class=\"aligncenter size-full\"><a href=\"https:\/\/www.geo.fr\/voyage\/sas-10-choses-que-vous-ne-saviez-pas-sur-gerard-de-villiers-189691\"><img loading=\"lazy\" decoding=\"async\" width=\"839\" height=\"637\" src=\"https:\/\/maelrannou.fr\/envrac\/wp-content\/uploads\/sites\/3\/2024\/11\/villiers.jpg\" alt=\"\" class=\"wp-image-793\" srcset=\"https:\/\/maelrannou.fr\/envrac\/wp-content\/uploads\/sites\/3\/2024\/11\/villiers.jpg 839w, https:\/\/maelrannou.fr\/envrac\/wp-content\/uploads\/sites\/3\/2024\/11\/villiers-300x228.jpg 300w, https:\/\/maelrannou.fr\/envrac\/wp-content\/uploads\/sites\/3\/2024\/11\/villiers-768x583.jpg 768w\" sizes=\"auto, (max-width: 767px) 89vw, (max-width: 1000px) 54vw, (max-width: 1071px) 543px, 580px\" \/><\/a><\/figure>\n<\/div>\n\n\n<p class=\"has-black-color has-text-color has-link-color wp-elements-7f8c4a079cdd6d86a0d893e7624a606a\">Difficile de faire moins l\u00e9gitime que les aventures d&rsquo;espionnage-\u00e9rotico-facho SAS, reste que ce n&rsquo;est pas de la BD. Mais cela touche aussi des romanciers et arts parfaitement l\u00e9gitimes :<\/p>\n\n\n<div class=\"wp-block-image\">\n<figure class=\"aligncenter size-full\"><a href=\"https:\/\/www.lemonde.fr\/disparitions\/article\/2013\/03\/23\/mort-de-chinua-achebe-l-un-des-peres-de-la-litterature-africaine_1853060_3382.html\"><img loading=\"lazy\" decoding=\"async\" width=\"749\" height=\"471\" src=\"https:\/\/maelrannou.fr\/envrac\/wp-content\/uploads\/sites\/3\/2024\/11\/2.jpg\" alt=\"\" class=\"wp-image-794\" srcset=\"https:\/\/maelrannou.fr\/envrac\/wp-content\/uploads\/sites\/3\/2024\/11\/2.jpg 749w, https:\/\/maelrannou.fr\/envrac\/wp-content\/uploads\/sites\/3\/2024\/11\/2-300x189.jpg 300w\" sizes=\"auto, (max-width: 706px) 89vw, (max-width: 767px) 82vw, 740px\" \/><\/a><\/figure>\n<\/div>\n\n<div class=\"wp-block-image\">\n<figure class=\"aligncenter size-full\"><a href=\"https:\/\/midi-madagasikara.mg\/serge-henri-rodin-pere-de-la-critique-litteraire-contemporaine\/\"><img loading=\"lazy\" decoding=\"async\" width=\"614\" height=\"715\" src=\"https:\/\/maelrannou.fr\/envrac\/wp-content\/uploads\/sites\/3\/2024\/11\/3.jpg\" alt=\"\" class=\"wp-image-795\" srcset=\"https:\/\/maelrannou.fr\/envrac\/wp-content\/uploads\/sites\/3\/2024\/11\/3.jpg 614w, https:\/\/maelrannou.fr\/envrac\/wp-content\/uploads\/sites\/3\/2024\/11\/3-258x300.jpg 258w\" sizes=\"auto, (max-width: 614px) 100vw, 614px\" \/><\/a><\/figure>\n<\/div>\n\n<div class=\"wp-block-image\">\n<figure class=\"aligncenter size-large\"><a href=\"https:\/\/www.tf1info.fr\/culture\/exposition-paris-brancusi-le-pere-de-la-sculpture-moderne-s-expose-au-centre-pompidou-2291149.html\"><img loading=\"lazy\" decoding=\"async\" width=\"1024\" height=\"682\" src=\"https:\/\/maelrannou.fr\/envrac\/wp-content\/uploads\/sites\/3\/2024\/11\/2-1-1024x682.jpg\" alt=\"\" class=\"wp-image-796\" srcset=\"https:\/\/maelrannou.fr\/envrac\/wp-content\/uploads\/sites\/3\/2024\/11\/2-1-1024x682.jpg 1024w, https:\/\/maelrannou.fr\/envrac\/wp-content\/uploads\/sites\/3\/2024\/11\/2-1-300x200.jpg 300w, https:\/\/maelrannou.fr\/envrac\/wp-content\/uploads\/sites\/3\/2024\/11\/2-1-768x512.jpg 768w, https:\/\/maelrannou.fr\/envrac\/wp-content\/uploads\/sites\/3\/2024\/11\/2-1.jpg 1268w\" sizes=\"auto, (max-width: 767px) 89vw, (max-width: 1000px) 54vw, (max-width: 1071px) 543px, 580px\" \/><\/a><\/figure>\n<\/div>\n\n\n<p class=\"has-black-color has-text-color has-link-color wp-elements-09c3dc1f2d0a829bc1faf3992939620c\">Cela peut aussi toucher pas de l&rsquo;art du tout, comme dans l&rsquo;exemple ci-dessous sur le tableau des \u00e9l\u00e9ments :<\/p>\n\n\n<div class=\"wp-block-image\">\n<figure class=\"aligncenter size-full\"><a href=\"https:\/\/www.bfmtv.com\/sciences\/dmitri-mendeleiev-pere-du-tableau-periodique-ne-il-y-a-182-ans_AN-201602080076.html\"><img loading=\"lazy\" decoding=\"async\" width=\"901\" height=\"798\" src=\"https:\/\/maelrannou.fr\/envrac\/wp-content\/uploads\/sites\/3\/2024\/11\/3-1.jpg\" alt=\"\" class=\"wp-image-797\" srcset=\"https:\/\/maelrannou.fr\/envrac\/wp-content\/uploads\/sites\/3\/2024\/11\/3-1.jpg 901w, https:\/\/maelrannou.fr\/envrac\/wp-content\/uploads\/sites\/3\/2024\/11\/3-1-300x266.jpg 300w, https:\/\/maelrannou.fr\/envrac\/wp-content\/uploads\/sites\/3\/2024\/11\/3-1-768x680.jpg 768w\" sizes=\"auto, (max-width: 767px) 89vw, (max-width: 1000px) 54vw, (max-width: 1071px) 543px, 580px\" \/><\/a><\/figure>\n<\/div>\n\n\n<p class=\"has-black-color has-text-color has-link-color wp-elements-8edc473b402df43cdf7d32d5603568cd\"><br>Cela touche aussi d\u2019autres champs, ainsi lors du d\u00e9c\u00e8s de Badinter, on a beaucoup lu \u00ab\u00a0p\u00e8re de l\u2019abolition de la peine de mort\u00a0\u00bb, et il y a peu de chance que ce soit par m\u00e9pris ou d\u00e9sir d\u2019infantiliser. Ici l\u2019extrait vient de Public S\u00e9nat, un m\u00e9dia difficilement assimilable \u00e0 du d\u00e9sint\u00e9r\u00eat badin sur la chose politique :<\/p>\n\n\n<div class=\"wp-block-image\">\n<figure class=\"aligncenter size-large\"><a href=\"https:\/\/www.publicsenat.fr\/actualites\/politique\/pere-de-labolition-de-la-peine-de-mort-robert-badinter-est-decede\"><img loading=\"lazy\" decoding=\"async\" width=\"1024\" height=\"777\" src=\"https:\/\/maelrannou.fr\/envrac\/wp-content\/uploads\/sites\/3\/2024\/11\/badint-1024x777.jpg\" alt=\"\" class=\"wp-image-798\" srcset=\"https:\/\/maelrannou.fr\/envrac\/wp-content\/uploads\/sites\/3\/2024\/11\/badint-1024x777.jpg 1024w, https:\/\/maelrannou.fr\/envrac\/wp-content\/uploads\/sites\/3\/2024\/11\/badint-300x228.jpg 300w, https:\/\/maelrannou.fr\/envrac\/wp-content\/uploads\/sites\/3\/2024\/11\/badint-768x583.jpg 768w, https:\/\/maelrannou.fr\/envrac\/wp-content\/uploads\/sites\/3\/2024\/11\/badint.jpg 1158w\" sizes=\"auto, (max-width: 767px) 89vw, (max-width: 1000px) 54vw, (max-width: 1071px) 543px, 580px\" \/><\/a><\/figure>\n<\/div>\n\n\n<p class=\"has-black-color has-text-color has-link-color wp-elements-a7c7645255d1d155df0bab2f9d25314e\">Il y a deux \u00e9l\u00e9ments l\u00e0-dedans, on constate que le terme \u00ab\u00a0p\u00e8re\u00a0\u00bb (parfois \u00ab\u00a0m\u00e8re\u00a0\u00bb aussi bien s\u00fbr) est utilis\u00e9 dans le cas de choses bien identifiables\u00a0: un texte de loi, une r\u00e9forme, une d\u00e9couverte scientifique, un tableau iconique, je n&rsquo;en ai pas mis mais j&rsquo;en ai vu sur des chansons cultes, etc. \u00c0 ce titre en litt\u00e9rature le terme est bien plus souvent utilis\u00e9 pour des auteurices qui ont cr\u00e9\u00e9 des personnages implant\u00e9s dans le temps, gr\u00e2ce \u00e0 la s\u00e9rialit\u00e9, des sp\u00e9cificit\u00e9s touchant beaucoup la bande dessin\u00e9e (mais aussi la litt\u00e9rature jeunesse, le policier, la fantasy\u2026), cet usage me semble bien plus li\u00e9 \u00e0 cela qu\u2019\u00e0 un certain m\u00e9pris. C&rsquo;est un mot-clef journalistique, peut-\u00eatre une facilit\u00e9, mais rien de p\u00e9joriatif.<\/p>\n\n\n\n<p class=\"has-black-color has-text-color has-link-color wp-elements-88a8a0b756cefb429a6f53a669a7d711\">Il faudrait cependant \u00eatre de mauvaise foi pour ne pas distinguer \u00ab&nbsp;p\u00e8re&nbsp;\u00bb de \u00ab&nbsp;papa&nbsp;\u00bb, et oui utiliser les termes papa\/maman sont sans nul doute plus proche de l\u2019enfantin, donc de l\u2019infantilisation. Je n\u2019ai pas trouv\u00e9 de Badinter \u00ab&nbsp;papa de l\u2019abolition&nbsp;\u00bb. On trouve un certain nombre d\u2019Uderzo \u00ab&nbsp;papa d\u2019Ast\u00e9rix&nbsp;\u00bb\u2026 mais ce sont des \u0153uvres jeunesse, on ne peut pas le nier, et le fait que la bande dessin\u00e9e porte souvent cette \u00e9tiquette jeunesse peut \u00eatre une confusion. On sait qu\u2019elle a jou\u00e9 dans la d\u00e9l\u00e9gitimation et le m\u00e9pris du neuvi\u00e8me art, mais la litt\u00e9rature jeunesse est aujourd\u2019hui pleinement \u00e9tudi\u00e9e et reconnue, cette confusion n\u2019est donc pas si grave en soi sur le long terme.<\/p>\n\n\n\n<p class=\"has-black-color has-text-color has-link-color wp-elements-6c953f24e4a366c1a50e96c9e98a17ce\">Ce que je constate et qui me semble essentiel, c\u2019est qu\u2019il arrive r\u00e9guli\u00e8rement que des auteurices de s\u00e9ries plut\u00f4t jeunesses ne sont pas syst\u00e9matiquement d\u00e9crits comme \u00ab\u00a0papa\u00a0\u00bb. Ainsi Toriyama n\u2019a pas \u00e9t\u00e9 que le \u00ab\u00a0papa\u00a0\u00bb de Sangoku dans la presse, ce qui est une forme de normalisation, au fond. <\/p>\n\n\n<div class=\"wp-block-image\">\n<figure class=\"aligncenter size-full\"><a href=\"https:\/\/www.lecho.be\/culture\/litterature\/bd\/le-pere-de-dragon-ball-le-mangaka-akira-toriyama-est-decede-a-68-ans\/10532081.html\"><img loading=\"lazy\" decoding=\"async\" width=\"833\" height=\"779\" src=\"https:\/\/maelrannou.fr\/envrac\/wp-content\/uploads\/sites\/3\/2024\/11\/4.jpg\" alt=\"\" class=\"wp-image-799\" srcset=\"https:\/\/maelrannou.fr\/envrac\/wp-content\/uploads\/sites\/3\/2024\/11\/4.jpg 833w, https:\/\/maelrannou.fr\/envrac\/wp-content\/uploads\/sites\/3\/2024\/11\/4-300x281.jpg 300w, https:\/\/maelrannou.fr\/envrac\/wp-content\/uploads\/sites\/3\/2024\/11\/4-768x718.jpg 768w\" sizes=\"auto, (max-width: 767px) 89vw, (max-width: 1000px) 54vw, (max-width: 1071px) 543px, 580px\" \/><\/a><\/figure>\n<\/div>\n\n\n<p class=\"has-black-color has-text-color has-link-color wp-elements-939d9eeb47e9fda323915dc76383c460\"><br>Sur le fond, ces \u00e9nervements r\u00e9guliers que je vois ici o\u00f9 l\u00e0 sur les \u00ab\u00a0p\u00e8res\u00a0\u00bb me semblent donc avant tout \u00eatre le t\u00e9moignage d\u2019une volont\u00e9 de lutter pour sa l\u00e9gitimit\u00e9, de se d\u00e9fendre face \u00e0 des usages \u00e9nervants d\u2019\u00e9ternels infantilisation, rabaissement, etc., mais, ici, cela para\u00eet presque plus \u00eatre une int\u00e9gration si forte de ces processus qu\u2019une chose assez banale pour tout cr\u00e9ateur de s\u00e9rialit\u00e9 ou de chose iconique appara\u00eet un acte de m\u00e9pris. De l\u2019importance de, parfois, d\u00e9centrer pour se rendre compte que, non, y a pas que dans la b\u00e9d\u00e9 qu\u2019on a ce traitement\u00a0!<\/p>\n\n\n\n<p class=\"has-black-color has-text-color has-link-color has-small-font-size wp-elements-8400a3a85aa501a832afd090e99b09f8\">Bandeau :<a href=\"https:\/\/www.rts.ch\/info\/culture\/livres\/11191339-albert-uderzo-le-papa-dasterix-est-decede-a-lage-de-92-ans.html\" data-type=\"link\" data-id=\"https:\/\/www.rts.ch\/info\/culture\/livres\/11191339-albert-uderzo-le-papa-dasterix-est-decede-a-lage-de-92-ans.html\"> article sur le d\u00e9c\u00e8s d&rsquo;Uderzo sur RTS<\/a>.<\/p>\n\n\n\n<p><\/p>\n","protected":false},"excerpt":{"rendered":"<p>R\u00e9guli\u00e8rement, je lis des entretiens d&rsquo;auteurs et autrices de bande dessin\u00e9es, parfois aussi, je lis des n\u00e9crologies. Dans les deux cas, les sujets sont souvent pr\u00e9sent\u00e9s comme les parents de personnages qu&rsquo;ils ont cr\u00e9\u00e9, cela \u00e9nerve souvent mes pairs, notamment lors des d\u00e9c\u00e8s : cela manque de solennit\u00e9 et, surtout, cela prouve l&rsquo;infantilisation de la &hellip; <\/p>\n<p class=\"link-more\"><a href=\"https:\/\/maelrannou.fr\/envrac\/?p=780\" class=\"more-link\">Continuer la lecture<span class=\"screen-reader-text\"> de &laquo;&nbsp;Les papas des h\u00e9ros de b\u00e9d\u00e9&nbsp;&raquo;<\/span><\/a><\/p>\n","protected":false},"author":2,"featured_media":801,"comment_status":"open","ping_status":"open","sticky":false,"template":"","format":"standard","meta":{"footnotes":""},"categories":[46,22],"tags":[6,2,73,445,392,439,438,441,25,440],"class_list":["post-780","post","type-post","status-publish","format-standard","has-post-thumbnail","hentry","category-bande-dessinee","category-en-passant","tag-bande-dessinee","tag-bd","tag-comics","tag-creation","tag-langue","tag-legimite","tag-necrologie","tag-pere","tag-presse","tag-reception"],"_links":{"self":[{"href":"https:\/\/maelrannou.fr\/envrac\/index.php?rest_route=\/wp\/v2\/posts\/780","targetHints":{"allow":["GET"]}}],"collection":[{"href":"https:\/\/maelrannou.fr\/envrac\/index.php?rest_route=\/wp\/v2\/posts"}],"about":[{"href":"https:\/\/maelrannou.fr\/envrac\/index.php?rest_route=\/wp\/v2\/types\/post"}],"author":[{"embeddable":true,"href":"https:\/\/maelrannou.fr\/envrac\/index.php?rest_route=\/wp\/v2\/users\/2"}],"replies":[{"embeddable":true,"href":"https:\/\/maelrannou.fr\/envrac\/index.php?rest_route=%2Fwp%2Fv2%2Fcomments&post=780"}],"version-history":[{"count":3,"href":"https:\/\/maelrannou.fr\/envrac\/index.php?rest_route=\/wp\/v2\/posts\/780\/revisions"}],"predecessor-version":[{"id":802,"href":"https:\/\/maelrannou.fr\/envrac\/index.php?rest_route=\/wp\/v2\/posts\/780\/revisions\/802"}],"wp:featuredmedia":[{"embeddable":true,"href":"https:\/\/maelrannou.fr\/envrac\/index.php?rest_route=\/wp\/v2\/media\/801"}],"wp:attachment":[{"href":"https:\/\/maelrannou.fr\/envrac\/index.php?rest_route=%2Fwp%2Fv2%2Fmedia&parent=780"}],"wp:term":[{"taxonomy":"category","embeddable":true,"href":"https:\/\/maelrannou.fr\/envrac\/index.php?rest_route=%2Fwp%2Fv2%2Fcategories&post=780"},{"taxonomy":"post_tag","embeddable":true,"href":"https:\/\/maelrannou.fr\/envrac\/index.php?rest_route=%2Fwp%2Fv2%2Ftags&post=780"}],"curies":[{"name":"wp","href":"https:\/\/api.w.org\/{rel}","templated":true}]}}