{"id":816,"date":"2024-12-25T17:33:29","date_gmt":"2024-12-25T16:33:29","guid":{"rendered":"https:\/\/maelrannou.fr\/envrac\/?p=816"},"modified":"2024-12-25T17:41:40","modified_gmt":"2024-12-25T16:41:40","slug":"edmond-baudouin-2","status":"publish","type":"post","link":"https:\/\/maelrannou.fr\/envrac\/?p=816","title":{"rendered":"Edmond Baudouin 2"},"content":{"rendered":"\n<p class=\"has-black-color has-text-color has-link-color wp-elements-8d3a290c58d172d8401354a09bff8248\">En 2022 <a href=\"https:\/\/maelrannou.fr\/envrac\/?p=282\" data-type=\"link\" data-id=\"https:\/\/maelrannou.fr\/envrac\/?p=282\">je m&rsquo;\u00e9tais amus\u00e9 \u00e0 relever diff\u00e9rentes occurence de la graphie erron\u00e9e  \u00ab&nbsp;Baudouin&nbsp;\u00bb<\/a> sur des sites sp\u00e9cialis\u00e9s ou non. On peut toujours s&rsquo;amuser d&rsquo;une coquille, \u00e7a ne dit rien de l&rsquo;intelligence du r\u00e9dacteur ou du fond, il reste que je suis extr\u00eamement surpris de voir la constance de cette erreur, alors que le nom de Baudoin n&rsquo;est pas particuli\u00e8rement compliqu\u00e9 et que c&rsquo;est quand m\u00eame un auteur tr\u00e8s important. C&rsquo;est d&rsquo;autant plus surprenant que ce n&rsquo;est pas qu&rsquo;une coquille de blogs ou de journaux g\u00e9n\u00e9ralistes, on la trouve constament sur des sites sp\u00e9cialis\u00e9s, voir sur le site d&rsquo;\u00e9diteurs de Baudoin (qui \u00e9crivent pourtant le nom sans faute sur les livres).<\/p>\n\n\n\n<p class=\"has-black-color has-text-color has-link-color wp-elements-6568759a38731ab252889c0f366c19e3\">Bref, je recopie-colle le paragraphe d\u00e9j\u00e0 post\u00e9 \u00e0 l&rsquo;\u00e9poque :  \u00ab&nbsp;La diversit\u00e9 de supports, quels que soient leurs professionnalismes, et son \u00e9tendue temporelle me surprend toujours. Il y a assur\u00e9ment encore beaucoup de \u00ab&nbsp;Baudouin&nbsp;\u00bb \u00e0 relever, notamment dans les imprim\u00e9s (l\u00e0 j\u2019ai tr\u00e8s majoritairement du en ligne, facile \u00e0 trouver). Mais en attendant cette recherche, une premi\u00e8re salve, en guise d\u2019invitation : si vous en trouvez, n\u2019h\u00e9sitez pas \u00e0 me les envoyer \u00e0 maelrannou @ lilo.org&nbsp;\u00bb<\/p>\n\n\n\n<p class=\"has-black-color has-text-color has-link-color wp-elements-8dfee67334ae81a67355486c35d5e66e\">Allez zou ! Je commence par ce petit morceau issu du site du Centre Pompidou cette car bon, c&rsquo;est l&rsquo;ann\u00e9e de la BD au Centre Pompidou, des expos \u00e0 chaque \u00e9tages, enfin la l\u00e9gitimation nous dit-on (bon moi \u00e7a m&rsquo;\u00e9nerve un peu j&rsquo;en ai d\u00e9j\u00e0 caus\u00e9 ici), et donc Baudoin est dans les expos parce qu&rsquo;il est important. Mais on ne sait toujours pas \u00e9crire son nom :<\/p>\n\n\n\n<figure class=\"wp-block-image size-large\"><img loading=\"lazy\" decoding=\"async\" width=\"1024\" height=\"475\" src=\"https:\/\/maelrannou.fr\/envrac\/wp-content\/uploads\/sites\/3\/2024\/12\/2024-Centre-Pompidou-1024x475.jpg\" alt=\"\" class=\"wp-image-820\" srcset=\"https:\/\/maelrannou.fr\/envrac\/wp-content\/uploads\/sites\/3\/2024\/12\/2024-Centre-Pompidou-1024x475.jpg 1024w, https:\/\/maelrannou.fr\/envrac\/wp-content\/uploads\/sites\/3\/2024\/12\/2024-Centre-Pompidou-300x139.jpg 300w, https:\/\/maelrannou.fr\/envrac\/wp-content\/uploads\/sites\/3\/2024\/12\/2024-Centre-Pompidou-768x356.jpg 768w, https:\/\/maelrannou.fr\/envrac\/wp-content\/uploads\/sites\/3\/2024\/12\/2024-Centre-Pompidou-1536x712.jpg 1536w, https:\/\/maelrannou.fr\/envrac\/wp-content\/uploads\/sites\/3\/2024\/12\/2024-Centre-Pompidou.jpg 1900w\" sizes=\"auto, (max-width: 767px) 89vw, (max-width: 1000px) 54vw, (max-width: 1071px) 543px, 580px\" \/><\/figure>\n\n\n\n<p class=\"has-text-align-center has-black-color has-text-color has-link-color has-small-font-size wp-elements-da6af3784984af259fef9c6bfcc482a8\"><\/p>\n\n\n\n<p class=\"has-black-color has-text-color has-link-color wp-elements-538fdd2e4079f2bc618f81272392a02f\"><em>Le Matricule des anges<\/em>, 2010 (mais \u00e7a semble corrig\u00e9 sur l&rsquo;article complet, faudrait voir la version papier) :<\/p>\n\n\n\n<figure class=\"wp-block-image size-large\"><img loading=\"lazy\" decoding=\"async\" width=\"1024\" height=\"637\" src=\"https:\/\/maelrannou.fr\/envrac\/wp-content\/uploads\/sites\/3\/2024\/12\/2010-Matricule-anges-1024x637.jpg\" alt=\"\" class=\"wp-image-822\" srcset=\"https:\/\/maelrannou.fr\/envrac\/wp-content\/uploads\/sites\/3\/2024\/12\/2010-Matricule-anges-1024x637.jpg 1024w, https:\/\/maelrannou.fr\/envrac\/wp-content\/uploads\/sites\/3\/2024\/12\/2010-Matricule-anges-300x187.jpg 300w, https:\/\/maelrannou.fr\/envrac\/wp-content\/uploads\/sites\/3\/2024\/12\/2010-Matricule-anges-768x478.jpg 768w, https:\/\/maelrannou.fr\/envrac\/wp-content\/uploads\/sites\/3\/2024\/12\/2010-Matricule-anges.jpg 1225w\" sizes=\"auto, (max-width: 767px) 89vw, (max-width: 1000px) 54vw, (max-width: 1071px) 543px, 580px\" \/><\/figure>\n\n\n\n<p class=\"has-black-color has-text-color has-link-color wp-elements-c7fb817a4930e875929b8c162afc3545\">Pr\u00e9sentation de BD \u00e0 Bastia sur <em>Bodo\u00ef <\/em>:<\/p>\n\n\n\n<figure class=\"wp-block-image size-full\"><img loading=\"lazy\" decoding=\"async\" width=\"709\" height=\"844\" src=\"https:\/\/maelrannou.fr\/envrac\/wp-content\/uploads\/sites\/3\/2024\/12\/2016-03-25-Bodoi.jpg\" alt=\"\" class=\"wp-image-823\" srcset=\"https:\/\/maelrannou.fr\/envrac\/wp-content\/uploads\/sites\/3\/2024\/12\/2016-03-25-Bodoi.jpg 709w, https:\/\/maelrannou.fr\/envrac\/wp-content\/uploads\/sites\/3\/2024\/12\/2016-03-25-Bodoi-252x300.jpg 252w\" sizes=\"auto, (max-width: 709px) 100vw, 709px\" \/><\/figure>\n\n\n\n<p class=\"has-black-color has-text-color has-link-color wp-elements-3afebe1e8394e155621cfd71d58a5c4e\">Auteur important, Baudoin est invit\u00e9 d&rsquo;honneur du SoBD 2017, mais avec une coquille :<\/p>\n\n\n\n<figure class=\"wp-block-image size-full\"><img loading=\"lazy\" decoding=\"async\" width=\"389\" height=\"153\" src=\"https:\/\/maelrannou.fr\/envrac\/wp-content\/uploads\/sites\/3\/2024\/12\/2024-baudoiunsobd.jpg\" alt=\"\" class=\"wp-image-824\" srcset=\"https:\/\/maelrannou.fr\/envrac\/wp-content\/uploads\/sites\/3\/2024\/12\/2024-baudoiunsobd.jpg 389w, https:\/\/maelrannou.fr\/envrac\/wp-content\/uploads\/sites\/3\/2024\/12\/2024-baudoiunsobd-300x118.jpg 300w\" sizes=\"auto, (max-width: 389px) 100vw, 389px\" \/><\/figure>\n\n\n\n<p class=\"has-black-color has-text-color has-link-color wp-elements-d1139250c217c0d1d620c7a02daffd34\">Recension d&rsquo;un album de Baudoin par un libraire de la CIBDI, institution s&rsquo;il en est, 2020 :<\/p>\n\n\n\n<figure class=\"wp-block-image size-large\"><img loading=\"lazy\" decoding=\"async\" width=\"1024\" height=\"268\" src=\"https:\/\/maelrannou.fr\/envrac\/wp-content\/uploads\/sites\/3\/2024\/12\/2020-librairie-cibdi-1024x268.jpg\" alt=\"\" class=\"wp-image-826\" srcset=\"https:\/\/maelrannou.fr\/envrac\/wp-content\/uploads\/sites\/3\/2024\/12\/2020-librairie-cibdi-1024x268.jpg 1024w, https:\/\/maelrannou.fr\/envrac\/wp-content\/uploads\/sites\/3\/2024\/12\/2020-librairie-cibdi-300x78.jpg 300w, https:\/\/maelrannou.fr\/envrac\/wp-content\/uploads\/sites\/3\/2024\/12\/2020-librairie-cibdi-768x201.jpg 768w, https:\/\/maelrannou.fr\/envrac\/wp-content\/uploads\/sites\/3\/2024\/12\/2020-librairie-cibdi.jpg 1512w\" sizes=\"auto, (max-width: 767px) 89vw, (max-width: 1000px) 54vw, (max-width: 1071px) 543px, 580px\" \/><\/figure>\n\n\n\n<figure class=\"wp-block-image size-full\"><img loading=\"lazy\" decoding=\"async\" width=\"492\" height=\"379\" src=\"https:\/\/maelrannou.fr\/envrac\/wp-content\/uploads\/sites\/3\/2024\/12\/bauaa.jpg\" alt=\"\" class=\"wp-image-837\" srcset=\"https:\/\/maelrannou.fr\/envrac\/wp-content\/uploads\/sites\/3\/2024\/12\/bauaa.jpg 492w, https:\/\/maelrannou.fr\/envrac\/wp-content\/uploads\/sites\/3\/2024\/12\/bauaa-300x231.jpg 300w\" sizes=\"auto, (max-width: 492px) 100vw, 492px\" \/><\/figure>\n\n\n\n<p class=\"has-black-color has-text-color has-link-color wp-elements-a233f46189f30a663ceb960f7fd7a95c\">2018, un entretien avec Ouiz! radio :<\/p>\n\n\n\n<figure class=\"wp-block-image size-large\"><img loading=\"lazy\" decoding=\"async\" width=\"1024\" height=\"595\" src=\"https:\/\/maelrannou.fr\/envrac\/wp-content\/uploads\/sites\/3\/2024\/12\/2018-Ouiz-radio-1024x595.jpg\" alt=\"\" class=\"wp-image-834\" srcset=\"https:\/\/maelrannou.fr\/envrac\/wp-content\/uploads\/sites\/3\/2024\/12\/2018-Ouiz-radio-1024x595.jpg 1024w, https:\/\/maelrannou.fr\/envrac\/wp-content\/uploads\/sites\/3\/2024\/12\/2018-Ouiz-radio-300x174.jpg 300w, https:\/\/maelrannou.fr\/envrac\/wp-content\/uploads\/sites\/3\/2024\/12\/2018-Ouiz-radio-768x446.jpg 768w, https:\/\/maelrannou.fr\/envrac\/wp-content\/uploads\/sites\/3\/2024\/12\/2018-Ouiz-radio.jpg 1461w\" sizes=\"auto, (max-width: 767px) 89vw, (max-width: 1000px) 54vw, (max-width: 1071px) 543px, 580px\" \/><\/figure>\n\n\n\n<p class=\"has-black-color has-text-color has-link-color wp-elements-63cf0c52ae782a7fc3dc85d2314193ff\"><em>Comix Trip<\/em>, avril 2024. Intrigant car la faute n&rsquo;est pas sur la vid\u00e9o (mais c&rsquo;est un import d&rsquo;Inter) mais hop, on l&rsquo;a quand m\u00eame sur l&rsquo;article :<\/p>\n\n\n<div class=\"wp-block-image\">\n<figure class=\"aligncenter size-full\"><img loading=\"lazy\" decoding=\"async\" width=\"1000\" height=\"882\" src=\"https:\/\/maelrannou.fr\/envrac\/wp-content\/uploads\/sites\/3\/2024\/12\/2024-ComixTrip.jpg\" alt=\"\" class=\"wp-image-827\" srcset=\"https:\/\/maelrannou.fr\/envrac\/wp-content\/uploads\/sites\/3\/2024\/12\/2024-ComixTrip.jpg 1000w, https:\/\/maelrannou.fr\/envrac\/wp-content\/uploads\/sites\/3\/2024\/12\/2024-ComixTrip-300x265.jpg 300w, https:\/\/maelrannou.fr\/envrac\/wp-content\/uploads\/sites\/3\/2024\/12\/2024-ComixTrip-768x677.jpg 768w\" sizes=\"auto, (max-width: 767px) 89vw, (max-width: 1000px) 54vw, (max-width: 1071px) 543px, 580px\" \/><\/figure>\n<\/div>\n\n\n<p class=\"has-black-color has-text-color has-link-color wp-elements-4373f53b17a69b8ecc93787141ab6667\">En 2019 dans Le Midi Libre l\u00e0 c&rsquo;est bien le m\u00eame journal qui \u00e9crit correctement la l\u00e9gende mais pas dans le corps du texte :<\/p>\n\n\n\n<figure class=\"wp-block-image size-full\"><img loading=\"lazy\" decoding=\"async\" width=\"882\" height=\"804\" src=\"https:\/\/maelrannou.fr\/envrac\/wp-content\/uploads\/sites\/3\/2024\/12\/2019-Midi-Libre.jpg\" alt=\"\" class=\"wp-image-835\" srcset=\"https:\/\/maelrannou.fr\/envrac\/wp-content\/uploads\/sites\/3\/2024\/12\/2019-Midi-Libre.jpg 882w, https:\/\/maelrannou.fr\/envrac\/wp-content\/uploads\/sites\/3\/2024\/12\/2019-Midi-Libre-300x273.jpg 300w, https:\/\/maelrannou.fr\/envrac\/wp-content\/uploads\/sites\/3\/2024\/12\/2019-Midi-Libre-768x700.jpg 768w\" sizes=\"auto, (max-width: 767px) 89vw, (max-width: 1000px) 54vw, (max-width: 1071px) 543px, 580px\" \/><\/figure>\n\n\n\n<p class=\"has-black-color has-text-color has-link-color wp-elements-0fec25ce2c67333f18a811260cb73bb5\">Une cat\u00e9gorie qui m&rsquo;\u00e9tonne plus encore, les \u00e9diteurs de livres de Baudoin qui font la faute. Ici sur le site de La Ville Br\u00fble en 2019 :<\/p>\n\n\n\n<figure class=\"wp-block-image size-full\"><img loading=\"lazy\" decoding=\"async\" width=\"638\" height=\"787\" src=\"https:\/\/maelrannou.fr\/envrac\/wp-content\/uploads\/sites\/3\/2024\/12\/2019-La-ville-brule.jpg\" alt=\"\" class=\"wp-image-825\" srcset=\"https:\/\/maelrannou.fr\/envrac\/wp-content\/uploads\/sites\/3\/2024\/12\/2019-La-ville-brule.jpg 638w, https:\/\/maelrannou.fr\/envrac\/wp-content\/uploads\/sites\/3\/2024\/12\/2019-La-ville-brule-243x300.jpg 243w\" sizes=\"auto, (max-width: 638px) 100vw, 638px\" \/><\/figure>\n\n\n\n<p class=\"has-black-color has-text-color has-link-color wp-elements-90b765b60e95eaba8c67e4ec4800d9cd\">Ce livre rend visiblement hommage \u00e0 l&rsquo;importance majeure de Baudoin sur l&rsquo;auteur mais bon, le r\u00e9sum\u00e9 de l&rsquo;\u00e9diteur se trompe quand m\u00eame :<\/p>\n\n\n\n<figure class=\"wp-block-image size-large\"><img loading=\"lazy\" decoding=\"async\" width=\"1024\" height=\"684\" src=\"https:\/\/maelrannou.fr\/envrac\/wp-content\/uploads\/sites\/3\/2024\/12\/2020-BaB-1024x684.jpg\" alt=\"\" class=\"wp-image-830\" srcset=\"https:\/\/maelrannou.fr\/envrac\/wp-content\/uploads\/sites\/3\/2024\/12\/2020-BaB-1024x684.jpg 1024w, https:\/\/maelrannou.fr\/envrac\/wp-content\/uploads\/sites\/3\/2024\/12\/2020-BaB-300x200.jpg 300w, https:\/\/maelrannou.fr\/envrac\/wp-content\/uploads\/sites\/3\/2024\/12\/2020-BaB-768x513.jpg 768w, https:\/\/maelrannou.fr\/envrac\/wp-content\/uploads\/sites\/3\/2024\/12\/2020-BaB.jpg 1198w\" sizes=\"auto, (max-width: 767px) 89vw, (max-width: 1000px) 54vw, (max-width: 1071px) 543px, 580px\" \/><\/figure>\n\n\n\n<p class=\"has-black-color has-text-color has-link-color wp-elements-7bbd4a6e8d050ccb9774520268eded59\">Futuropolis a \u00e9t\u00e9 l&rsquo;\u00e9diteur historique de Baudoin, qui a mis longtemps a signer chez le repreneur. Il y publie d\u00e9sormais ponctuellement et sur ce livre paru en novembre&#8230; je reste tr\u00e8s surpris du nombre d&rsquo;\u00e9diteur qui laissent cette coquille sur leur site (oui ce sont des webmestre pas les \u00e9diteurs, etc., mais enfin&#8230; je m&rsquo;\u00e9tonne) :<\/p>\n\n\n\n<figure class=\"wp-block-image size-full\"><img loading=\"lazy\" decoding=\"async\" width=\"760\" height=\"797\" src=\"https:\/\/maelrannou.fr\/envrac\/wp-content\/uploads\/sites\/3\/2024\/12\/2024-Futuro.jpg\" alt=\"\" class=\"wp-image-831\" srcset=\"https:\/\/maelrannou.fr\/envrac\/wp-content\/uploads\/sites\/3\/2024\/12\/2024-Futuro.jpg 760w, https:\/\/maelrannou.fr\/envrac\/wp-content\/uploads\/sites\/3\/2024\/12\/2024-Futuro-286x300.jpg 286w\" sizes=\"auto, (max-width: 706px) 89vw, (max-width: 767px) 82vw, 740px\" \/><\/figure>\n\n\n\n<p class=\"has-black-color has-text-color has-link-color wp-elements-6530f45d59ee4db499c2c1d1970ff905\">En 2008, Gallimard publie <em>L&rsquo;Arleri<\/em> et ne fait pas de fautes sur son site, mais reprend sans les corriger des chroniques qui semblent la faire (\u00e0 moins que \u00e7a n&rsquo;ait \u00e9t\u00e9 ajout\u00e9 en recopiant\u2026) :<\/p>\n\n\n<div class=\"wp-block-image\">\n<figure class=\"aligncenter size-full\"><img loading=\"lazy\" decoding=\"async\" width=\"804\" height=\"492\" src=\"https:\/\/maelrannou.fr\/envrac\/wp-content\/uploads\/sites\/3\/2024\/12\/2008-Gallimard.jpg\" alt=\"\" class=\"wp-image-833\" srcset=\"https:\/\/maelrannou.fr\/envrac\/wp-content\/uploads\/sites\/3\/2024\/12\/2008-Gallimard.jpg 804w, https:\/\/maelrannou.fr\/envrac\/wp-content\/uploads\/sites\/3\/2024\/12\/2008-Gallimard-300x184.jpg 300w, https:\/\/maelrannou.fr\/envrac\/wp-content\/uploads\/sites\/3\/2024\/12\/2008-Gallimard-768x470.jpg 768w\" sizes=\"auto, (max-width: 767px) 89vw, (max-width: 1000px) 54vw, (max-width: 1071px) 543px, 580px\" \/><\/figure>\n<\/div>\n\n\n<p class=\"has-black-color has-text-color has-link-color wp-elements-752cc9ef955e336583de73b256f1b2ca\">Et donc \u00e0 bient\u00f4t pour une troisi\u00e8me session !<\/p>\n","protected":false},"excerpt":{"rendered":"<p>En 2022 je m&rsquo;\u00e9tais amus\u00e9 \u00e0 relever diff\u00e9rentes occurence de la graphie erron\u00e9e \u00ab&nbsp;Baudouin&nbsp;\u00bb sur des sites sp\u00e9cialis\u00e9s ou non. On peut toujours s&rsquo;amuser d&rsquo;une coquille, \u00e7a ne dit rien de l&rsquo;intelligence du r\u00e9dacteur ou du fond, il reste que je suis extr\u00eamement surpris de voir la constance de cette erreur, alors que le nom &hellip; <\/p>\n<p class=\"link-more\"><a href=\"https:\/\/maelrannou.fr\/envrac\/?p=816\" class=\"more-link\">Continuer la lecture<span class=\"screen-reader-text\"> de &laquo;&nbsp;Edmond Baudouin 2&nbsp;&raquo;<\/span><\/a><\/p>\n","protected":false},"author":2,"featured_media":818,"comment_status":"open","ping_status":"open","sticky":false,"template":"","format":"standard","meta":{"footnotes":""},"categories":[46],"tags":[6,137,2,73,138],"class_list":["post-816","post","type-post","status-publish","format-standard","has-post-thumbnail","hentry","category-bande-dessinee","tag-bande-dessinee","tag-baudoin","tag-bd","tag-comics","tag-edmond-baudoin"],"_links":{"self":[{"href":"https:\/\/maelrannou.fr\/envrac\/index.php?rest_route=\/wp\/v2\/posts\/816","targetHints":{"allow":["GET"]}}],"collection":[{"href":"https:\/\/maelrannou.fr\/envrac\/index.php?rest_route=\/wp\/v2\/posts"}],"about":[{"href":"https:\/\/maelrannou.fr\/envrac\/index.php?rest_route=\/wp\/v2\/types\/post"}],"author":[{"embeddable":true,"href":"https:\/\/maelrannou.fr\/envrac\/index.php?rest_route=\/wp\/v2\/users\/2"}],"replies":[{"embeddable":true,"href":"https:\/\/maelrannou.fr\/envrac\/index.php?rest_route=%2Fwp%2Fv2%2Fcomments&post=816"}],"version-history":[{"count":9,"href":"https:\/\/maelrannou.fr\/envrac\/index.php?rest_route=\/wp\/v2\/posts\/816\/revisions"}],"predecessor-version":[{"id":840,"href":"https:\/\/maelrannou.fr\/envrac\/index.php?rest_route=\/wp\/v2\/posts\/816\/revisions\/840"}],"wp:featuredmedia":[{"embeddable":true,"href":"https:\/\/maelrannou.fr\/envrac\/index.php?rest_route=\/wp\/v2\/media\/818"}],"wp:attachment":[{"href":"https:\/\/maelrannou.fr\/envrac\/index.php?rest_route=%2Fwp%2Fv2%2Fmedia&parent=816"}],"wp:term":[{"taxonomy":"category","embeddable":true,"href":"https:\/\/maelrannou.fr\/envrac\/index.php?rest_route=%2Fwp%2Fv2%2Fcategories&post=816"},{"taxonomy":"post_tag","embeddable":true,"href":"https:\/\/maelrannou.fr\/envrac\/index.php?rest_route=%2Fwp%2Fv2%2Ftags&post=816"}],"curies":[{"name":"wp","href":"https:\/\/api.w.org\/{rel}","templated":true}]}}