{"id":868,"date":"2025-01-18T22:32:24","date_gmt":"2025-01-18T21:32:24","guid":{"rendered":"https:\/\/maelrannou.fr\/envrac\/?p=868"},"modified":"2025-01-19T16:02:32","modified_gmt":"2025-01-19T15:02:32","slug":"le-gout-des-entretiens","status":"publish","type":"post","link":"https:\/\/maelrannou.fr\/envrac\/?p=868","title":{"rendered":"Le go\u00fbt des entretiens"},"content":{"rendered":"\n<p class=\"has-black-color has-text-color has-link-color has-small-font-size wp-elements-4de213f4266467949e6425492374721c\"><em>\u00ab&nbsp;\u00c0 l\u2019origine on ne savait absolument pas si on allait le publier, d\u2019ailleurs j\u2019avais pr\u00e9venu Herg\u00e9&nbsp;: on le faisait mais on ignorait ce que \u00e7a deviendrait. J\u2019avais dans l\u2019id\u00e9e la collection \u201cEntretiens\u201d chez Pierre Belfond, o\u00f9 l\u2019on trouvait des \u00e9crivains, des philosophes, des musiciens, des metteurs en sc\u00e8ne et qui m\u2019avait emball\u00e9, j\u2019adore les interviews. Je leur ai tout de suite propos\u00e9 mais ils m\u2019ont ri au nez en me disant \u201cMonsieur\u2026 de la bande dessin\u00e9e dans cette collection\u2026 Vous nous prenez pour qui&nbsp;?\u201d Je n\u2019ai pas os\u00e9 le dire \u00e0 Herg\u00e9 tout de suite, je lui ai racont\u00e9 longtemps apr\u00e8s&nbsp;!&nbsp;\u00bb<\/em><\/p>\n\n\n\n<p class=\"has-black-color has-text-color has-link-color wp-elements-a378f9480d307a6d38ea3c382f49c1d4\">C\u2019est ainsi que <a href=\"https:\/\/www.du9.org\/entretien\/numa-sadoul\/\">Numa Sadoul me racontait en 2010<\/a> le d\u00e9but de ses entretiens avec Herg\u00e9. J\u2019en avais d\u00e9j\u00e0 fait quelques autres \u00e0 l\u2019\u00e9poque, mais il est certain que la figure tut\u00e9laire de Numa, avec qui mes go\u00fbts diff\u00e8rent certainement, comme la mani\u00e8re de r\u00e9aliser des entretiens, a jou\u00e9. \u00c0 l\u2019\u00e9poque je le rencontrai pour une \u00e9trange raison puisqu\u2019il avait accept\u00e9 de jouer dans <a href=\"https:\/\/dai.ly\/k6Lxv2uaPHLOES1TKQU\">un court-m\u00e9trage que j\u2019avais r\u00e9alis\u00e9<\/a>*&nbsp;! Une occasion bizarre de cr\u00e9er une rencontre avec quelqu\u2019un qu\u2019on admire pour tout autre chose que sa carri\u00e8re de com\u00e9dien et metteur en sc\u00e8ne. Et je rejoins vraiment le d\u00e9but de sa pens\u00e9e&nbsp;: j\u2019aime les entretiens, j\u2019aime \u00e9couter quelqu\u2019un raconter sa vie ou sa pens\u00e9e, et encore plus les lire. Si la partie biographique n\u2019est pas ce qui m\u2019int\u00e9resse le plus, elle m\u2019appara\u00eet toujours essentielle (l\u00e0 aussi, comme Numa, m\u00eame s\u2019il y place sans doute plus d\u2019importance dans l\u2019ensemble que moi), sans tomber dans l\u2019exc\u00e8s de l\u2019\u0153uvre par la biographie \u00e0 la Sainte-Beuve, on ne peut nier que g\u00e9n\u00e9ralement cela \u00e9claire la suite. C\u2019est tr\u00e8s flagrant dans un des derniers entretiens que j\u2019ai r\u00e9alis\u00e9s.<\/p>\n\n\n\n<p class=\"has-black-color has-text-color has-link-color wp-elements-1ca89ace83d010b611ff36c34c6caf14\">Une chose qui m\u2019importe beaucoup, ce sont les temps de formation, les influences, je suis peut-\u00eatre moins curieux de la technique, de la m\u00e9thode (le fameux \u00ab&nbsp;vous travaillez&nbsp;\u00e0 la plume ou au pinceau&nbsp;?&nbsp;\u00bb, qui n\u2019est pas si idiot que sa caricature)<\/p>\n\n\n\n<p class=\"has-black-color has-text-color has-link-color wp-elements-22d2d84383569b9e1f74383814747c86\">J\u2019aime lire des entretiens, bien s\u00fbr j\u2019en lis beaucoup d\u2019auteurs de bande dessin\u00e9e, ou autour du monde du livre, c\u2019est mon milieu et ma passion, mais m\u00eame plus largement j\u2019adore \u00e7a, y compris de gens qui m\u2019int\u00e9ressent moins (seule exception&nbsp;: les politiques en activit\u00e9, j\u2019adore la politique, mais lorsqu\u2019ils sont en poste ce sont souvent des livres programmes sans int\u00e9r\u00eat). J\u2019ai pu lire avec passion des entretiens avec des gens dont je n\u2019ai finalement pas lu les ouvrages, certains m\u2019ont donn\u00e9 envie de lire des livres, parfois pour une d\u00e9couverte, parfois qui me sont tomb\u00e9s des mains.<\/p>\n\n\n\n<p class=\"has-black-color has-text-color has-link-color wp-elements-44fa90a54fc39c8370b9ff93345bfa08\">Exemple type d\u2019un livre d\u2019entretien que j\u2019ai d\u00e9vor\u00e9 tout en n\u2019ayant pas de passion particuli\u00e8re pour le sujet&nbsp;: <a href=\"https:\/\/www.payot-rivages.fr\/rivages\/livre\/du-polar-9782743636005\"><em>Du polar<\/em>, entretiens de Fran\u00e7ois Gu\u00e9rif avec Philippe Blanchet (Payot <\/a>). \u00c9diteur de romans noirs, polars et autres thrillers depuis des d\u00e9cennies, Gu\u00e9rif revient sur son parcours comme sur son go\u00fbt du genre avec une \u00e9rudition d\u00e9lectable, et en m\u00eame temps tr\u00e8s accessible. Je me souviens l\u2019avoir lu en notant des tonnes de r\u00e9f\u00e9rences, des livres qui avaient l\u2019air super, souvent dans ses collections, et dont je n\u2019ai finalement lu quasiment aucune r\u00e9f\u00e9rence.<\/p>\n\n\n<div class=\"wp-block-image\">\n<figure class=\"aligncenter size-full is-resized\"><img loading=\"lazy\" decoding=\"async\" width=\"372\" height=\"600\" src=\"https:\/\/maelrannou.fr\/envrac\/wp-content\/uploads\/sites\/3\/2025\/01\/dupolar.jpg\" alt=\"\" class=\"wp-image-870\" style=\"width:253px;height:auto\" srcset=\"https:\/\/maelrannou.fr\/envrac\/wp-content\/uploads\/sites\/3\/2025\/01\/dupolar.jpg 372w, https:\/\/maelrannou.fr\/envrac\/wp-content\/uploads\/sites\/3\/2025\/01\/dupolar-186x300.jpg 186w\" sizes=\"auto, (max-width: 372px) 100vw, 372px\" \/><\/figure>\n<\/div>\n\n\n<p class=\"has-black-color has-text-color has-link-color wp-elements-8f06c3374c54c5a28b0df50310ea10ec\">Plus attendu, comme j\u2019ai lu beaucoup de livres de La Fabrique, j\u2019ai vraiment aim\u00e9 me promener dans <a href=\"https:\/\/lafabrique.fr\/pour-aboutir-a-un-livre\/\">Pour aboutir \u00e0 un livre, entretiens avec feu \u00c9ric Hazan<\/a>. Les interviewers ne sont pas sur la couv (je suis contre, \u00e9videmment) mais il y a une raison, c\u2019est un \u00ab&nbsp;faux entretien&nbsp;\u00bb, compos\u00e9 de questions que La Fabrique recevait souvent d\u2019\u00e9tudiants, de stagiaires, de la presse\u2026 compil\u00e9es par l\u2019\u00e9quipe et mises en forme, avec toutefois l\u2019aide d\u2019un stagiaire nomm\u00e9 en avant-propos, Ernest Moret.<\/p>\n\n\n\n<p class=\"has-black-color has-text-color has-link-color wp-elements-aef81abcd478a81df9fd955818a85628\">En ce moment <a href=\"https:\/\/www.du9.org\/entretien\/une-jeunesse-daller-retours\/\">para\u00eet sur Du9 un long entretien avec Appollo<\/a>, sc\u00e9nariste r\u00e9unionnais dont j\u2019aime \u00e9norm\u00e9ment le travail (<em>La Grippe coloniale<\/em>, <em>Commando<\/em> <em>colonial<\/em>, <em>\u00cele<\/em> <em>Bourbon<\/em>&nbsp;<em>1730<\/em>, <em>La<\/em> <em>D\u00e9solation<\/em>\u2026) et le discours. Avec Delphine Ya-Chee-Chan nous l\u2019interrogeons sur la bande dessin\u00e9e historique, les collaborations, mais aussi l\u2019\u00e9dition de fanzine. Deux volets sont d\u00e9j\u00e0 parus, le troisi\u00e8me devrait arriver en regardant le m\u00eame lien la semaine prochaine. Dans cet entretien typiquement le premier volet revient en d\u00e9tail sur la biographie de l\u2019auteur, qui dessine une g\u00e9ographie intime \u00e9clairant l\u2019\u0153uvre, mais on aborde aussi avec l\u2019enfance les premiers \u00e9mois BD, les d\u00e9couvertes lyc\u00e9ennes, la rencontre tr\u00e8s t\u00f4t de futurs collaborateurs (via un T-shirt de Druillet). Dans le deuxi\u00e8me volet je me suis amus\u00e9 \u00e0 reproduire des extraits de ses conversations sur usenet, proto mailing list de la BD francophone d\u2019o\u00f9 na\u00eetront nombre d\u2019espaces du fandom, o\u00f9 il est alors tr\u00e8s actif et o\u00f9 toute une g\u00e9n\u00e9ration s\u2019est mise en lien. Dans le prochain nous parlerons beaucoup du fanzine <em>Le Cri du Margouillat<\/em>, de l\u2019espace de la BD \u00e0 La R\u00e9union, tout en \u00e9voquant tout du long sa mani\u00e8re de travailler, ses albums, ses collaborations.<\/p>\n\n\n\n<p class=\"has-black-color has-text-color has-link-color wp-elements-0bba5134973edfb4755685c462433ed8\">J\u2019aime beaucoup ces entretiens \u00ab&nbsp;carri\u00e8re&nbsp;\u00bb qui permettent de travailler le temps long, et d\u2019embrasser plein de sujets, j\u2019ai la pr\u00e9tention aussi d\u2019en aborder qui ne le sont pas toujours dans les entretiens des auteurs (qui, en p\u00e9riode de promotion, peuvent se r\u00e9p\u00e9ter sans cesse). Le temps long n\u00e9cessite aussi du temps, de pr\u00e9paration, de retranscription (si quelqu\u2019un conna\u00eet un machin qui le fait facilement\u2026). Mais je suis vraiment heureux de relire ces entretiens finis, de les partager, m\u00eame si les retours ne sont pas toujours \u00e9normes. J\u2019en ai eu des flatteurs, l\u2019entretien avec Siris m\u2019a permis de cr\u00e9er une belle amiti\u00e9 et le camarade avait \u00e9t\u00e9 surpris qu\u2019un petit fran\u00e7ais lui parle de ses fanzines des 80\u2019s, Gilles Rochier avant son prix au FIBD, qui me disait mettre son entretien dans ses CV\u2026 Un des plus flatteurs \u00e9tait un peu insultant, d\u2019un ami qui pense et \u00e9crit beaucoup sur la bande dessin\u00e9e et me disait que je n\u2019\u00e9tais vraiment pas un th\u00e9oricien, trop impr\u00e9cis et brouillon pour \u00eatre un vrai historien, mais que j\u2019\u00e9tais \u00e0 ses yeux le meilleur interviewer pour la bande dessin\u00e9e francophone. Alors certes c\u2019est un peu vexant, mais j\u2019ai aussi \u00e9t\u00e9 flatt\u00e9, je mets beaucoup de c\u0153ur \u00e0 ces entretiens \u00e0 vrai dire alors\u2026<\/p>\n\n\n\n<p class=\"has-black-color has-text-color has-link-color wp-elements-ddfe878819fd1101f023b8d76471d3a6\">Mine de rien, avec le temps \u00e7a fait un petit monde d\u2019entretenu. Bien s\u00fbr avec le temps, les auteurices (et c\u2019est tant mieux) restant en vie et continuant \u00e0 produire, il y en a qui sont en partie d\u00e9pass\u00e9s. Je m\u2019amuse toujours de mon premier entretien avec Fabcaro indiquant en chapeau qu\u2019il a un \u00ab&nbsp;public restreint mais fid\u00e8le&nbsp;\u00bb. J\u2019ai eu l\u2019occasion de refaire trois entretiens avec lui depuis, mais sans penser \u00e0 en profiter pour faire une sorte de mise \u00e0 jour r\u00e9guli\u00e8re. L\u00e0 aussi, Numa me disait qu\u2019il rappelait chaque ann\u00e9es ceux avec qui il avait r\u00e9alis\u00e9 des livres d\u2019entretiens, pour les compl\u00e9ter, ce qui a permis des \u00e9ditions d\u00e9finitives le jour o\u00f9 les auteurs ont quitt\u00e9 ce monde (parfois tr\u00e8s longtemps apr\u00e8s, comme les entretiens avec Franquin qui ont mis quelques d\u00e9cennies \u00e0 repara\u00eetre). J\u2019aimerais bien faire \u00e7a, le jour o\u00f9 je publierai un livre d\u2019entretiens. On a un projet sur un tr\u00e8s long entretien r\u00e9alis\u00e9, le mettre \u00e0 jour, l\u2019\u00e9diter, mais ce sera apr\u00e8s un autre grand moment.<\/p>\n\n\n\n<p class=\"has-black-color has-text-color has-link-color wp-elements-e194da115363bd7aa0ac8055f8a0467b\">Dans les grands noms de l\u2019entretien, il y a aussi les Pissavy-Yvernault, sp\u00e9cialis\u00e9s dans les auteurs Dupuis. Ils ont notamment r\u00e9alis\u00e9 des entretiens avec Willy Lambil, dessinateur des <em>Tuniques bleues<\/em>, une s\u00e9rie qui a berc\u00e9 mon enfance et que j\u2019affectionne toujours, auteur r\u00e9put\u00e9 particuli\u00e8rement peu loquace. Ces entretiens sont \u00e0 cette image&nbsp;: il rembarre les intervieweurs, d\u00e9vie, se contredit all\u00e8grement**, tout en donnant des anecdotes de-ci de-l\u00e0 o\u00f9, sous une amertume certaine, apparais aussi beaucoup de choses du monde de l\u2019\u00e9dition de l\u2019\u00e9poque &#8211; refusant le mythe de la \u00ab&nbsp;grande famille&nbsp;\u00bb -, d\u2019une certaine vision du m\u00e9tier et du labeur, une sorte de conscience sociale, et des choses tr\u00e8s dr\u00f4les. J\u2019ai ador\u00e9 ces entretiens, et j\u2019aurai ador\u00e9 faire un livre pareil (<a href=\"https:\/\/www.bodoi.info\/lambil-raconte-sa-vie-dans-lombre-des-tuniques-bleues\/\">j\u2019en avais parl\u00e9 sur <em>Bodo\u00ef<\/em><\/a>).<\/p>\n\n\n\n<p class=\"has-black-color has-text-color has-link-color wp-elements-0bce8e7ce371a9430dff9e6b36c7f053\">Je pense \u00e0 tout cela car je viens donc de publier cet entretien avec Appollo et que dans quelques jours je serai \u00e0 la maternit\u00e9 pour la naissance de mes enfants. Dans ma valise j\u2019ai pris quelques livres, pas beaucoup, je ne manquerai pas d\u2019occupation, mais justement les entretiens \u00e7a se lit bien. J\u2019ouvrais avec Numa. <a href=\"https:\/\/www.glenat.com\/les-cahiers-de-la-bande-dessinee\/franquin-et-moi-9782344065501\">Christelle Pissavy-Yvernault vient de sortie un ouvrage d\u2019entretiens avec l\u2019intervieweur, <em>Franquin et moi<\/em><\/a> (reprise du titre <em>Tintin et moi<\/em>, de Numa Sadoul), centr\u00e9s sur la relation \u00e0 l\u2019auteur de <em>Gaston Lagaffe<\/em> mais semblant aussi parler de tout son regard sur la bande dessin\u00e9e depuis 60&nbsp;ans, des rencontres, de ses diff\u00e9rents entretiens. C\u2019est donc ce livre qui est dans ma valise, liant sans doute plus fortement que je ne l\u2019aurai jamais imagin\u00e9 ma vie, Numa Sadoul et le go\u00fbt des entretiens.<\/p>\n\n\n\n<p class=\"has-black-color has-text-color has-link-color has-small-font-size wp-elements-64a484f9a7cb1e72d09a2b339e69117b\">* Si ce court m\u00e9trage ultra-marqu\u00e9 Tarantino est trop lent et n\u2019a sans doute pas un fol int\u00e9r\u00eat, je suis tout de m\u00eame assez content de son sc\u00e9nario. Le casting est improbable entre Numa Sadoul, le jeune \u00e9tudiant en BTS \u00e9dition que j\u2019\u00e9tais, <a href=\"http:\/\/fabrique-du-spectacle.fr\/fabrique\/ressources\/96\/20\">un copain qui est devenu un com\u00e9dien professionnel<\/a>, <a href=\"https:\/\/fr.wikipedia.org\/wiki\/Antoine_Tom%C3%A9\">un chanteur voix fran\u00e7aise de Travolta<\/a>&#8230;<br>** Je ne vois pas de probl\u00e8me \u00e0 ce que les entretiens montrent des contradictions, voire des informations erron\u00e9es, le travail de l\u2019interviewer est d\u2019essayer de v\u00e9rifier les chronologies (et \u00e9ventuellement de le dire \u00e0 l\u2019interrog\u00e9 pour qu\u2019il corrige, bien souvent c\u2019est de bonne foi, la m\u00e9moire n\u2019est pas une chose fiable). Par ailleurs je n\u2019attends pas des interview\u00e9s une v\u00e9rit\u00e9, mais une vision \u00e0 un moment T, un auteur de BD brillant peut avoir un discours ou des go\u00fbts qui ne sont pas les miens, ou qui sont m\u00eame d\u00e9cevants, \u00e7a ne rend pas l\u2019entretien n\u00e9cessairement inint\u00e9ressant. Sur un tr\u00e8s long entretien, la contradiction peut \u00eatre tout \u00e0 fait signifiante.<\/p>\n\n\n<div class=\"wp-block-image\">\n<figure class=\"aligncenter size-full\"><img loading=\"lazy\" decoding=\"async\" width=\"780\" height=\"290\" src=\"https:\/\/maelrannou.fr\/envrac\/wp-content\/uploads\/sites\/3\/2025\/01\/numa.jpg\" alt=\"\" class=\"wp-image-871\" srcset=\"https:\/\/maelrannou.fr\/envrac\/wp-content\/uploads\/sites\/3\/2025\/01\/numa.jpg 780w, https:\/\/maelrannou.fr\/envrac\/wp-content\/uploads\/sites\/3\/2025\/01\/numa-300x112.jpg 300w, https:\/\/maelrannou.fr\/envrac\/wp-content\/uploads\/sites\/3\/2025\/01\/numa-768x286.jpg 768w\" sizes=\"auto, (max-width: 767px) 89vw, (max-width: 1000px) 54vw, (max-width: 1071px) 543px, 580px\" \/><figcaption class=\"wp-element-caption\">Bandeau de l&rsquo;entretien avec Numa Sadoul sur Du9.<\/figcaption><\/figure>\n<\/div>\n\n\n<p class=\"has-black-color has-text-color has-link-color has-small-font-size wp-elements-683c8911049daba14ec055cc6138233d\"><strong>INDEX D&rsquo;ENTRETIENS QUE J&rsquo;AI REALISES ET DONT JE SUIS CONTENT<\/strong><br>Je peux en oublier, l\u2019id\u00e9e est de mettre de longs entretiens \u00ab\u00a0carri\u00e8re\u00a0\u00bb comme \u00e9voqu\u00e9s plus haut, pas de brefs entretiens sur un but cibl\u00e9 comme ceux de la section \u00ab\u00a0<a href=\"https:\/\/maelrannou.fr\/envrac\/?cat=39\" data-type=\"link\" data-id=\"https:\/\/maelrannou.fr\/envrac\/?cat=39\">Entretiens pr\u00e9paratoires<\/a>\u00a0\u00bb de ce site par exemple. La date indiqu\u00e9e est celle de la publication.<br>\u00ab\u00a0<a href=\"https:\/\/www.du9.org\/entretien\/alain-beaulet\/\">Entretien avec Alain Beaulet<\/a>\u00a0\u00bb, le premier long, avec un \u00e9diteur qui m\u2019aimait bien (pourtant nous avons des conceptions forts diff\u00e9rentes de l\u2019\u00e9dition!), <a href=\"http:\/\/legouttoir.free.fr\/albums\/horscollection\/alainbeaulet.htm\">\u00e9dit\u00e9 en petit fanzine chez L\u2019\u00c9gouttoir<\/a> en 2008, puis mis sur <em>Du9<\/em>.<br>\u00ab\u00a0<a href=\"https:\/\/www.du9.org\/entretien\/gilles-rochier\/\">Entretien avec Gilles Rochier<\/a>\u00a0\u00bb, <em>Du9<\/em>, juillet 2009. L&rsquo;envers de l&rsquo;entretien <a href=\"https:\/\/maelrannou.fr\/envrac\/?p=81\" data-type=\"link\" data-id=\"https:\/\/maelrannou.fr\/envrac\/?p=81\">a \u00e9t\u00e9 \u00e9voqu\u00e9 ici<\/a>.<br>\u00ab\u00a0<a href=\"https:\/\/www.du9.org\/entretien\/jean-yves-duhoo\">Entretien avec Jean-Yves Duhoo<\/a>\u00a0\u00bb, <em>Du9<\/em>, mai 2010.<br>\u00ab\u00a0<a href=\"https:\/\/www.du9.org\/entretien\/libon\/\" data-type=\"link\" data-id=\"https:\/\/www.du9.org\/entretien\/libon\/\">Entretien avec Libon<\/a> \u00bb, <em>Du9<\/em>, juin 2010.<br>\u00ab\u00a0<a href=\"https:\/\/www.du9.org\/entretien\/numa-sadoul\/\">Entretien avec Numa Sadoul<\/a>\u00a0\u00bb, <em>Du9<\/em>, octobre 2010.<br>\u00ab\u00a0<a href=\"https:\/\/www.du9.org\/entretien\/nikita-mandryka-i\/\">Entretien avec Nikita Mandryka<\/a>\u00a0\u00bb, <em>Du9<\/em>, juin 2011 (en deux parties, <a href=\"https:\/\/maelrannou.fr\/envrac\/?p=244\">j\u2019en parlais ici<\/a>).<br>\u00ab\u00a0<a href=\"https:\/\/www.du9.org\/entretien\/olivier-josso\/\">Entretien avec Olivier Josso<\/a>\u00a0\u00bb (assez bref, mais avec de longues r\u00e9ponses), <em>Du9<\/em>, juin 2012.<br>\u00ab\u00a0<a href=\"https:\/\/www.du9.org\/entretien\/fabcaro-et-ses-doutes\/\">Fabcaro et ses doutes<\/a>\u00a0\u00bb, <em>Du9<\/em>, mars\u00a02013 (par la suite j\u2019ai anim\u00e9 deux rencontres avec lui, en public, et deux extension de celui-ci sur papier, dans <em>Les Cahiers de la BD<\/em> n\u00b0\u00a04, en juillet\u00a02018, et un long entretien cor\u00e9alis\u00e9 avec Matthieu Charrier et Camille de Singly en ouverture du volume <em><a href=\"http:\/\/6pieds-sous-terre.com\/hors-collection\/fabcaro-fabcaro-sur-la-colline\/-u3124\" data-type=\"link\" data-id=\"http:\/\/6pieds-sous-terre.com\/hors-collection\/fabcaro-fabcaro-sur-la-colline\/-u3124\">Fabcaro sur la colline<\/a><\/em>).<br>\u00ab\u00a0<a href=\"https:\/\/www.du9.org\/entretien\/de-la-peinture-a-la-bande-dessinee\/\">Entretien avec Jos\u00e9 Roosevelt<\/a>\u00a0\u00bb, en quatre parties, qui a men\u00e9 \u00e0 <a href=\"https:\/\/editionsducanard.ch\/anciennes-publications\/\"><em>L&rsquo;Art de CE<\/em><\/a> et \u00e0 un projet de version augment\u00e9e.<br>\u00ab\u00a0<a href=\"https:\/\/www.du9.org\/entretien\/victor-hussenot\/\">Entretien avec Victor Hussenot<\/a>\u00a0\u00bb, <em>Du9<\/em>, juin 2014 (entretien publi\u00e9 en version l\u00e9g\u00e8rement augment\u00e9 dans la r\u00e9\u00e9dition de<em> La Casa<\/em> en 2016)<br>\u00ab\u00a0<a href=\"https:\/\/www.du9.org\/entretien\/nicolas-mahler-2\/\">Entretien avec Nicolas Mahler<\/a>\u00a0\u00bb, <em>Gorgonzola<\/em> n\u00b0\u00a021, janvier 2016, republi\u00e9 sur Du9.<br>\u00ab\u00a0<a href=\"https:\/\/www.du9.org\/entretien\/siris\/\">Entretien avec Siris<\/a>\u00a0\u00bb, <em>Du9<\/em>, mars\u00a02018.<br>\u00ab\u00a0 <a href=\"https:\/\/www.bodoi.info\/samplerman-remixeur-de-comics\/\">Samplerman, remixeur de comics<\/a>\u00a0\u00bb (entretien assez court), <em>Bodo\u00ef<\/em>, f\u00e9vrier 2019.<br>\u00ab\u00a0<a href=\"https:\/\/journals.openedition.org\/caravelle\/10859\">La bande dessin\u00e9e argentine et la politique, autour d\u2019un malentendu Entretien avec Latino Imparato<\/a>\u00a0\u00bb, Caravelle n\u00b0\u00a0116, 2021.<br>\u00ab\u00a0<a href=\"https:\/\/www.citebd.org\/neuvieme-art\/dans-latelier-de-miroslav-sekulic-struja\">dans l\u2019atelier de&#8230; Miroslav Sekulic-Struja<\/a>\u00a0\u00bb, avec Ir\u00e8ne Le Roy Ladurie, <em>neuvi\u00e8me<\/em> <em>art<\/em>, juillet 2022.<br>\u00ab <a href=\"https:\/\/www.citebd.org\/neuvieme-art\/jai-trop-besoin-de-toucher-de-manipuler-la-matiere-de-remuer-entretien\">\u00ab\u00a0j\u2019ai trop besoin de toucher, de manipuler la mati\u00e8re, de remuer\u00a0\u00bb &#8211; entretien avec Julie Doucet<\/a> \u00bb, <em>neuvi\u00e8me<\/em> <em>art<\/em>, octobre 2022.<br>\u00ab\u00a0Entretien avec Obom\u00a0\u00bb, avec Alexandre Fontaine-Rousseau, <em>Gorgonzola<\/em> n\u00b0\u00a026, janvier 2023 (que sur papier pour le moment).<br>\u00ab\u00a0<a href=\"https:\/\/www.bodoi.info\/david-amram-amoureux-de-la-forme-courte\/\">David Amram, amoureux de la forme courte<\/a>\u00a0\u00bb (entretien assez court), <em>Bodo\u00ef<\/em>, le octobre 2023.<br>\u00ab\u00a0<a href=\"https:\/\/www.du9.org\/entretien\/lea-murawiec\/\">Entretien avec L\u00e9a Murawiec<\/a>\u00a0\u00bb, <em>Du9<\/em>, mars\u00a02024.<br>\u00ab\u00a0 <a href=\"https:\/\/www.du9.org\/entretien\/une-jeunesse-daller-retours\/\">Appollo, l\u2019universel depuis quelque part<\/a>\u00a0\u00bb, avec Delphine Ya-Chee-Chan, <em>Du9<\/em>, janvier 2025.<br><\/p>\n\n\n\n<p><\/p>\n","protected":false},"excerpt":{"rendered":"<p>\u00ab&nbsp;\u00c0 l\u2019origine on ne savait absolument pas si on allait le publier, d\u2019ailleurs j\u2019avais pr\u00e9venu Herg\u00e9&nbsp;: on le faisait mais on ignorait ce que \u00e7a deviendrait. J\u2019avais dans l\u2019id\u00e9e la collection \u201cEntretiens\u201d chez Pierre Belfond, o\u00f9 l\u2019on trouvait des \u00e9crivains, des philosophes, des musiciens, des metteurs en sc\u00e8ne et qui m\u2019avait emball\u00e9, j\u2019adore les interviews. &hellip; <\/p>\n<p class=\"link-more\"><a href=\"https:\/\/maelrannou.fr\/envrac\/?p=868\" class=\"more-link\">Continuer la lecture<span class=\"screen-reader-text\"> de &laquo;&nbsp;Le go\u00fbt des entretiens&nbsp;&raquo;<\/span><\/a><\/p>\n","protected":false},"author":2,"featured_media":871,"comment_status":"open","ping_status":"open","sticky":false,"template":"","format":"standard","meta":{"footnotes":""},"categories":[46],"tags":[416,6,2,73,461,462,25],"class_list":["post-868","post","type-post","status-publish","format-standard","has-post-thumbnail","hentry","category-bande-dessinee","tag-appollo","tag-bande-dessinee","tag-bd","tag-comics","tag-entretiens","tag-numa-sadoul","tag-presse"],"_links":{"self":[{"href":"https:\/\/maelrannou.fr\/envrac\/index.php?rest_route=\/wp\/v2\/posts\/868","targetHints":{"allow":["GET"]}}],"collection":[{"href":"https:\/\/maelrannou.fr\/envrac\/index.php?rest_route=\/wp\/v2\/posts"}],"about":[{"href":"https:\/\/maelrannou.fr\/envrac\/index.php?rest_route=\/wp\/v2\/types\/post"}],"author":[{"embeddable":true,"href":"https:\/\/maelrannou.fr\/envrac\/index.php?rest_route=\/wp\/v2\/users\/2"}],"replies":[{"embeddable":true,"href":"https:\/\/maelrannou.fr\/envrac\/index.php?rest_route=%2Fwp%2Fv2%2Fcomments&post=868"}],"version-history":[{"count":5,"href":"https:\/\/maelrannou.fr\/envrac\/index.php?rest_route=\/wp\/v2\/posts\/868\/revisions"}],"predecessor-version":[{"id":877,"href":"https:\/\/maelrannou.fr\/envrac\/index.php?rest_route=\/wp\/v2\/posts\/868\/revisions\/877"}],"wp:featuredmedia":[{"embeddable":true,"href":"https:\/\/maelrannou.fr\/envrac\/index.php?rest_route=\/wp\/v2\/media\/871"}],"wp:attachment":[{"href":"https:\/\/maelrannou.fr\/envrac\/index.php?rest_route=%2Fwp%2Fv2%2Fmedia&parent=868"}],"wp:term":[{"taxonomy":"category","embeddable":true,"href":"https:\/\/maelrannou.fr\/envrac\/index.php?rest_route=%2Fwp%2Fv2%2Fcategories&post=868"},{"taxonomy":"post_tag","embeddable":true,"href":"https:\/\/maelrannou.fr\/envrac\/index.php?rest_route=%2Fwp%2Fv2%2Ftags&post=868"}],"curies":[{"name":"wp","href":"https:\/\/api.w.org\/{rel}","templated":true}]}}