{"id":895,"date":"2025-02-09T22:47:59","date_gmt":"2025-02-09T21:47:59","guid":{"rendered":"https:\/\/maelrannou.fr\/envrac\/?p=895"},"modified":"2025-11-05T23:16:55","modified_gmt":"2025-11-05T22:16:55","slug":"un-faire-part-et-des-prenoms","status":"publish","type":"post","link":"https:\/\/maelrannou.fr\/envrac\/?p=895","title":{"rendered":"Un faire part et des pr\u00e9noms."},"content":{"rendered":"\n<p class=\"has-black-color has-text-color has-link-color wp-elements-2c1c2ba773ffd5ffe21e86f66f917917\">Je l&rsquo;\u00e9voquai dans un pr\u00e9c\u00e9dent post, me voici p\u00e8re de deux enfants, forc\u00e9ment merveilleuxes. Vous trouverez ci-dessous le faire-part, en BD et dessin bien s\u00fbr, r\u00e9alis\u00e9 avec leur m\u00e8re, Natacha Czornyj-B\u00e9hal (d\u00e9j\u00e0 vue <a href=\"https:\/\/maelrannou.fr\/envrac\/?p=604\" data-type=\"link\" data-id=\"https:\/\/maelrannou.fr\/envrac\/?p=604\">ici<\/a> ou <a href=\"https:\/\/maelrannou.fr\/envrac\/?p=627\" data-type=\"link\" data-id=\"https:\/\/maelrannou.fr\/envrac\/?p=627\">ici<\/a>). Mais au-del\u00e0 de cette BD, un mini fanzine exclusif (sur les r\u00e9seaux j&rsquo;ai diffus\u00e9 le PDF d&rsquo;impression car c&rsquo;\u00e9tait l&rsquo;intention), parsem\u00e9 d&rsquo;indications et d&rsquo;hommages plus ou moins intimes (Alice, le trilinguisme, une barre de pole et un poster d&rsquo;Aliz\u00e9e, des carottes, une grotte lieu de paix \u00e0 la Gaston, un vers d\u00e9tourn\u00e9 d&rsquo;<a href=\"https:\/\/citations.ouest-france.fr\/citation-gaston-miron\/ai-fait-loin-voyage-abracadabrant-117688.html\" data-type=\"link\" data-id=\"https:\/\/citations.ouest-france.fr\/citation-gaston-miron\/ai-fait-loin-voyage-abracadabrant-117688.html\">un autre Gaston<\/a> pour nous lier au Qu\u00e9bec, et sans doute des moins conscients), sur un faire-part on donne des pr\u00e9noms, et je voudrais y revenir ensuite.<\/p>\n\n\n\n<p class=\"has-black-color has-text-color has-link-color wp-elements-39c192008c5f20e0fd61ce13721129bf\">Et puis il y a des hasards, la naissance le 22 janvier, <a href=\"https:\/\/fr.wikipedia.org\/wiki\/Acte_d%27unification\" data-type=\"link\" data-id=\"https:\/\/fr.wikipedia.org\/wiki\/Acte_d%27unification\">jour de l&rsquo;unification de l&rsquo;Ukraine<\/a>, on maitrise des symboles, d&rsquo;autres s&rsquo;imposent.<\/p>\n\n\n\n<figure class=\"wp-block-image size-large\"><img loading=\"lazy\" decoding=\"async\" width=\"717\" height=\"1024\" src=\"https:\/\/maelrannou.fr\/envrac\/wp-content\/uploads\/sites\/3\/2025\/02\/fairepart1-717x1024.jpg\" alt=\"\" class=\"wp-image-896\" srcset=\"https:\/\/maelrannou.fr\/envrac\/wp-content\/uploads\/sites\/3\/2025\/02\/fairepart1-717x1024.jpg 717w, https:\/\/maelrannou.fr\/envrac\/wp-content\/uploads\/sites\/3\/2025\/02\/fairepart1-210x300.jpg 210w, https:\/\/maelrannou.fr\/envrac\/wp-content\/uploads\/sites\/3\/2025\/02\/fairepart1.jpg 723w\" sizes=\"auto, (max-width: 717px) 100vw, 717px\" \/><\/figure>\n\n\n\n<figure class=\"wp-block-image size-full\"><img loading=\"lazy\" decoding=\"async\" width=\"727\" height=\"1023\" src=\"https:\/\/maelrannou.fr\/envrac\/wp-content\/uploads\/sites\/3\/2025\/02\/fairepart2.jpg\" alt=\"\" class=\"wp-image-897\" srcset=\"https:\/\/maelrannou.fr\/envrac\/wp-content\/uploads\/sites\/3\/2025\/02\/fairepart2.jpg 727w, https:\/\/maelrannou.fr\/envrac\/wp-content\/uploads\/sites\/3\/2025\/02\/fairepart2-213x300.jpg 213w\" sizes=\"auto, (max-width: 727px) 100vw, 727px\" \/><\/figure>\n\n\n\n<figure class=\"wp-block-image size-large\"><img loading=\"lazy\" decoding=\"async\" width=\"714\" height=\"1024\" src=\"https:\/\/maelrannou.fr\/envrac\/wp-content\/uploads\/sites\/3\/2025\/02\/fairepart3-714x1024.jpg\" alt=\"\" class=\"wp-image-898\" srcset=\"https:\/\/maelrannou.fr\/envrac\/wp-content\/uploads\/sites\/3\/2025\/02\/fairepart3-714x1024.jpg 714w, https:\/\/maelrannou.fr\/envrac\/wp-content\/uploads\/sites\/3\/2025\/02\/fairepart3-209x300.jpg 209w, https:\/\/maelrannou.fr\/envrac\/wp-content\/uploads\/sites\/3\/2025\/02\/fairepart3.jpg 718w\" sizes=\"auto, (max-width: 714px) 100vw, 714px\" \/><\/figure>\n\n\n\n<figure class=\"wp-block-image size-full\"><img loading=\"lazy\" decoding=\"async\" width=\"715\" height=\"1022\" src=\"https:\/\/maelrannou.fr\/envrac\/wp-content\/uploads\/sites\/3\/2025\/02\/fairepart4.jpg\" alt=\"\" class=\"wp-image-899\" srcset=\"https:\/\/maelrannou.fr\/envrac\/wp-content\/uploads\/sites\/3\/2025\/02\/fairepart4.jpg 715w, https:\/\/maelrannou.fr\/envrac\/wp-content\/uploads\/sites\/3\/2025\/02\/fairepart4-210x300.jpg 210w\" sizes=\"auto, (max-width: 715px) 100vw, 715px\" \/><\/figure>\n\n\n\n<p class=\"has-black-color has-text-color has-link-color wp-elements-d3f0fb4df54208b31f3072e29e00c67d\">Comme leurs parents, nos enfants ont donc trois pr\u00e9noms (je m&rsquo;appelle ainsi Ma\u00ebl, Simon, Vivien, sachez-le), chacun construits sur le m\u00eame principe : un pr\u00e9nom slave, un pr\u00e9nom celte et, en troisi\u00e8me, un pr\u00e9nom de personnage de bande dessin\u00e9e.<\/p>\n\n\n\n<p class=\"has-black-color has-text-color has-link-color wp-elements-2c55c0117bca62aa1967aeb98dc85826\">Que se cache-t-il donc derri\u00e8re ? Rien d&rsquo;incroyable, mais comme on le demande parfois, et qu&rsquo;on a quand m\u00eame r\u00e9fl\u00e9chit&#8230;<\/p>\n\n\n\n<p class=\"has-text-align-center\">*<\/p>\n\n\n\n<p class=\"has-black-color has-text-color has-link-color wp-elements-422c757eabf2dd59d349a6bc7be0402f\"><strong>Anya <\/strong>est un pr\u00e9nom qui est vite venu, par amour d\u2019Anya Jenkins, notre personnage pr\u00e9f\u00e9r\u00e9 de <em>Buffy<\/em>. Bon, c\u2019est un d\u00e9mon de la vengeance ultra capitaliste, mais c\u2019est surtout un tr\u00e8s beau personnage, \u00e0 mes yeux une claire m\u00e9taphore de l\u2019autisme et, comme dirait cet article, celle qui a bien que d\u00e9mone a sans doute <a href=\"https:\/\/tvobsessive.com\/2022\/03\/28\/anya-jenkins-the-human-heart-of-buffy-the-vampire-slayer\/\">le c\u0153ur le plus humain de toute la s\u00e9rie<\/a> (un peu comme Dawn est la plus essentiellement magique en \u00e9tant la moins magique). Le monologue d\u2019incompr\u00e9hension de l\u2019\u00e9pisode \u00ab\u00a0The Body\u00a0\u00bb m\u2019a bris\u00e9 le c\u0153ur, et par ce pr\u00e9nom nous voulions aussi rendre justice au personnage vis-\u00e0-vis de sa fin inacceptable. C\u2019est ensuite qu\u2019on s\u2019est rendu compte que le pr\u00e9nom pouvait \u00eatre slave, entendu comme diminutif d\u2019Anastasia (c\u2019est d\u2019ailleurs ainsi que s\u2019appelle le personnage dans le dessin anim\u00e9), m\u00eame si dans <em>Buffy <\/em>il diminue Anyanka. Puis nous avons v\u00e9rifi\u00e9 ce qu\u2019il en \u00e9tait du pr\u00e9nom plus largement : pour beaucoup il fera sans doute penser \u00e0 l\u2019h\u00e9ro\u00efne de<em> Spy X family<\/em>, manga et anime \u00e0 grand succ\u00e8s que nous avons regard\u00e9 pour nous assurer que le perso n\u2019\u00e9tait pas horrible : elle est adorable, tr\u00e8s bizarre et mignonne, parfait<\/p>\n\n\n<div class=\"wp-block-image\">\n<figure class=\"aligncenter size-full is-resized\"><img loading=\"lazy\" decoding=\"async\" width=\"661\" height=\"900\" src=\"https:\/\/maelrannou.fr\/envrac\/wp-content\/uploads\/sites\/3\/2025\/02\/anya.jpg\" alt=\"\" class=\"wp-image-902\" style=\"width:408px;height:auto\" srcset=\"https:\/\/maelrannou.fr\/envrac\/wp-content\/uploads\/sites\/3\/2025\/02\/anya.jpg 661w, https:\/\/maelrannou.fr\/envrac\/wp-content\/uploads\/sites\/3\/2025\/02\/anya-220x300.jpg 220w\" sizes=\"auto, (max-width: 661px) 100vw, 661px\" \/><figcaption class=\"wp-element-caption\">Anya Jenkins d\u00e9guis\u00e9e pour Halloween en sa pire frayeur<\/figcaption><\/figure>\n<\/div>\n\n\n<p class=\"has-black-color has-text-color has-link-color wp-elements-e607137357b1d42855a84286f7129bf5\">J&rsquo;avais en t\u00eate de donner des pr\u00e9noms bretons \u00e0 mes enfants, Natacha pas forc\u00e9ment de donner des pr\u00e9noms ukrainiens, ce hasard nous a sembl\u00e9 int\u00e9ressant et nous avons donc \u00e9largit \u00e0 des aires plus larges (slave\/celte) et d\u00e9cid\u00e9 de donner un nom de chaque \u00e0 chacun des enfants. Je ne connaissais pas le pr\u00e9nom breton <strong>Bleuenn<\/strong>, qui contracte le mot \u00ab\u00a0fleur \u00bb et le mot \u00ab blanc \u00bb (gwen). C&rsquo;est joli, et mon fr\u00e8re s&rsquo;appelant Gwendal, j&rsquo;aimais bien le rappel. On a d\u00e9couvert la chanson de Gilles Servat pour sa fille, tr\u00e8s belle, pleine de sonorit\u00e9 rappelant le babil, on la passe r\u00e9guli\u00e8rement aux petits car il y a de chouettes jeux sur les mots, les rimes, les rebonds. Reste \u00e0 savoir ce que disent les parties en breton.<\/p>\n\n\n\n<figure class=\"wp-block-embed is-type-video is-provider-youtube wp-block-embed-youtube wp-embed-aspect-4-3 wp-has-aspect-ratio\"><div class=\"wp-block-embed__wrapper\">\n<iframe loading=\"lazy\" title=\"Bleuenn\" width=\"525\" height=\"394\" src=\"https:\/\/www.youtube.com\/embed\/QLEVunJm00c?feature=oembed\" frameborder=\"0\" allow=\"accelerometer; autoplay; clipboard-write; encrypted-media; gyroscope; picture-in-picture; web-share\" referrerpolicy=\"strict-origin-when-cross-origin\" allowfullscreen><\/iframe>\n<\/div><\/figure>\n\n\n\n<p class=\"has-black-color has-text-color has-link-color wp-elements-4ef4fc0ebc379a5e26e1c915da7c7381\"><br><br><strong>Sunnymoon <\/strong>est plus complexe. L&rsquo;origine est simple, c&rsquo;est le nom d&rsquo;une princesse de Donaldville (oui) invent\u00e9e par Blutch pour <em>Fluide glacia<\/em>l, dans de tr\u00e8s \u00e9tranges \u00e9pisodes entre l&rsquo;absurde, l&rsquo;amer, le fantasque&#8230; Sunnymoon se voit imposer la recherche d&rsquo;un mari par son p\u00e8re, est poursuivie par les hommes, est malade&#8230; pas forc\u00e9ment le plus positif m\u00eame si elle est rebelle et que son air tr\u00e8s Nouvelle vague est merveilleux. Mais c&rsquo;est une s\u00e9rie que j&rsquo;aime beaucoup, elle a \u00e9t\u00e9 importante pour moi et, surtout, c&rsquo;est un tr\u00e8s beau pr\u00e9nom que cette \u00ab\u00a0lune ensoleill\u00e9e\u00a0\u00bb (qui fait \u00e9cho \u00e0 la \u00ab\u00a0lune tremp\u00e9e de lait\u00a0\u00bb de Servat). J\u2019avais un peu peur que ce pr\u00e9nom inexistant soit refus\u00e9, mais il est sur les actes de naissance et je doute qu\u2019il soit contest\u00e9 d\u00e9sormais, il existe donc maintenant.<\/p>\n\n\n\n<figure class=\"wp-block-image size-full\"><img loading=\"lazy\" decoding=\"async\" width=\"780\" height=\"290\" src=\"https:\/\/maelrannou.fr\/envrac\/wp-content\/uploads\/sites\/3\/2025\/02\/sunny.jpg\" alt=\"\" class=\"wp-image-904\" srcset=\"https:\/\/maelrannou.fr\/envrac\/wp-content\/uploads\/sites\/3\/2025\/02\/sunny.jpg 780w, https:\/\/maelrannou.fr\/envrac\/wp-content\/uploads\/sites\/3\/2025\/02\/sunny-300x112.jpg 300w, https:\/\/maelrannou.fr\/envrac\/wp-content\/uploads\/sites\/3\/2025\/02\/sunny-768x286.jpg 768w\" sizes=\"auto, (max-width: 767px) 89vw, (max-width: 1000px) 54vw, (max-width: 1071px) 543px, 580px\" \/><figcaption class=\"wp-element-caption\">Un extrait de Sunnymoon, de Blutch, l&rsquo;int\u00e9grale est publi\u00e9e \u00e0 l&rsquo;Association.<\/figcaption><\/figure>\n\n\n\n<p class=\"has-text-align-center has-black-color has-text-color has-link-color wp-elements-025b2da7182cbb79e981c62a8543a480\">*<\/p>\n\n\n\n<p class=\"has-black-color has-text-color has-link-color wp-elements-47db2fa3e95dd22a3309256b5c9ba71c\"><strong>Owen <\/strong>n&rsquo;est pas un pr\u00e9nom breton mais plus lointainement celte, on retrouve un saint irlandais, cela voudrait dire \u00ab\u00a0beau\u00a0\u00bb, parfois \u00ab\u00a0fort\u00a0\u00bb. On l&rsquo;avoue c&rsquo;est d&rsquo;abord la sonorit\u00e9 qui nous a attir\u00e9s, avec leur long nom on voulait du court, et c&rsquo;\u00e9tait assez convaincant. Comme pour Anya j&rsquo;ai un peu cherch\u00e9 dans les r\u00e9f\u00e9rences et ma foi, peu de roman ou films sur un Owen si ce n&rsquo;est un roman de John Irving assez curieux nomm\u00e9 <em>Une pri\u00e8re pour Owen<\/em>, o\u00f9 c&rsquo;est un petit personnage \u00e0 la voix improbable, qui fascine ses camarades de classe, est passionn\u00e9, perdu au fond des USA, qui tue par accident la m\u00e8re de son meilleur ami, qui reste son plus loyal sujet tant Owen est christique. Je n&rsquo;ai pas encore termin\u00e9 le roman de 500 pages mais c&rsquo;est mon premier Irving, une star des ann\u00e9es 80-90 un peu moins lu aujourd&rsquo;hui, bien pr\u00e9sent en biblioth\u00e8que (chose \u00e9tonnante, dans ce livre Owen a une voix tr\u00e8s aigu\u00eb, et en m\u00eame temps tr\u00e8s sonore, qui est repr\u00e9sent\u00e9e par des majuscules, ce qui s&rsquo;apparente \u00e0 un cri aujourd&rsquo;hui, mais on s&rsquo;y fait). Par la suite on s&rsquo;est rendu compte qu&rsquo;Owen \u00e9tait aussi la forme anglicis\u00e9e du pr\u00e9nom d&rsquo;Owain Glynd\u0175r, dernier Prince de Galles non anglais, leader des guerres d&rsquo;ind\u00e9pendance du Pays de Galles, ce qui m&rsquo;est plut\u00f4t sympathique m\u00eame si je ne souhaite aucun destin guerrier \u00e0 mon enfant (et que du coup, on a donn\u00e9 la graphie du colon victorieux plut\u00f4t que du h\u00e9ros gallois, bon).<\/p>\n\n\n<div class=\"wp-block-image\">\n<figure class=\"aligncenter size-full\"><a href=\"https:\/\/www.ina.fr\/ina-eclaire-actu\/video\/i22055972\/john-irving-une-priere-pour-owen\"><img loading=\"lazy\" decoding=\"async\" width=\"518\" height=\"392\" src=\"https:\/\/maelrannou.fr\/envrac\/wp-content\/uploads\/sites\/3\/2025\/02\/owen.jpg\" alt=\"\" class=\"wp-image-906\" srcset=\"https:\/\/maelrannou.fr\/envrac\/wp-content\/uploads\/sites\/3\/2025\/02\/owen.jpg 518w, https:\/\/maelrannou.fr\/envrac\/wp-content\/uploads\/sites\/3\/2025\/02\/owen-300x227.jpg 300w\" sizes=\"auto, (max-width: 518px) 100vw, 518px\" \/><\/a><figcaption class=\"wp-element-caption\">En cliquant vous verrez Irving dans Apostrophe parler d&rsquo;Une pri\u00e8re pour Owen, en dialogue avec Jacques Attali ??<\/figcaption><\/figure>\n<\/div>\n\n\n<p class=\"has-black-color has-text-color has-link-color wp-elements-22f3961146c4c3f97f13ea1cd41c3ba3\"><strong>Milan<\/strong> est le pr\u00e9nom slave, nous n\u2019avions m\u00eame pas regard\u00e9 le sens \u00e0 vrai dire \u2013&nbsp;je d\u00e9couvre que cela veut dire \u00ab&nbsp;aimable, doux&nbsp;\u00bb ou \u00ab&nbsp;aim\u00e9 du peuple&nbsp;\u00bb, ce qui me pla\u00eet bien. Si l\u2019id\u00e9e nous est venue via Milan Kundera, un auteur qui m\u2019a beaucoup marqu\u00e9 et qu\u2019a \u00e9galement crois\u00e9 Natacha dans ses \u00e9tudes de lettres, ce n\u2019est pas un hommage direct, mais \u00e7a nous va qu\u2019on pense \u00e0 lui. C\u2019\u00e9tait avant tout esth\u00e9tique. Il s\u2019av\u00e8re que la racine est commune \u00e0 \u00c9mile, pr\u00e9nom du grand-p\u00e8re aim\u00e9 de Natacha, ce qui tombe bien.<\/p>\n\n\n<div class=\"wp-block-image\">\n<figure class=\"aligncenter size-full\"><img loading=\"lazy\" decoding=\"async\" width=\"304\" height=\"500\" src=\"https:\/\/maelrannou.fr\/envrac\/wp-content\/uploads\/sites\/3\/2025\/02\/kund.jpg\" alt=\"\" class=\"wp-image-907\" srcset=\"https:\/\/maelrannou.fr\/envrac\/wp-content\/uploads\/sites\/3\/2025\/02\/kund.jpg 304w, https:\/\/maelrannou.fr\/envrac\/wp-content\/uploads\/sites\/3\/2025\/02\/kund-182x300.jpg 182w\" sizes=\"auto, (max-width: 304px) 100vw, 304px\" \/><\/figure>\n<\/div>\n\n\n<p class=\"has-black-color has-text-color has-link-color wp-elements-2e697529d04096a75a0e530dc1f4256c\"><br><strong>Phil\u00e9mon<\/strong>, c&rsquo;est le h\u00e9ros de Fred, une bande dessin\u00e9e profond\u00e9ment onirique, inventive, un personnage en marini\u00e8re, avec son \u00e2ne mangeur de pissenlit. L&rsquo;explorateur des lettres de l&rsquo;oc\u00e9an Atlantique sur la mappemonde, des mises en pages qui explorent les codes du m\u00e9dium, et beaucoup de douceur et d&rsquo;humour m\u00eame si parfois le pauvre Phil\u00e9mon est ballot\u00e9 dans un monde un rien absurde. Je suis tr\u00e8s tr\u00e8s heureux d&rsquo;avoir un enfant qui porte ce pr\u00e9nom, moi qui ai tant lu, enfant, deux aventures du personnage (dans des \u00e9ditions toutes remaquett\u00e9es pourries, mais qu&rsquo;importe) dont les titres sont d\u00e9j\u00e0 si incroyables : <em>Le Piano sauvage<\/em> et <em>Le Ch\u00e2teau suspendu<\/em>. Je commence \u00e0 racheter la s\u00e9rie, comme toute autre r\u00e9f\u00e9rence aux divers pr\u00e9noms des enfants, pour une \u00e9tag\u00e8re sp\u00e9ciale dans notre biblioth\u00e8que.<\/p>\n\n\n<div class=\"wp-block-image\">\n<figure class=\"aligncenter size-full\"><img loading=\"lazy\" decoding=\"async\" width=\"825\" height=\"564\" src=\"https:\/\/maelrannou.fr\/envrac\/wp-content\/uploads\/sites\/3\/2025\/02\/fred.jpg\" alt=\"\" class=\"wp-image-909\" srcset=\"https:\/\/maelrannou.fr\/envrac\/wp-content\/uploads\/sites\/3\/2025\/02\/fred.jpg 825w, https:\/\/maelrannou.fr\/envrac\/wp-content\/uploads\/sites\/3\/2025\/02\/fred-300x205.jpg 300w, https:\/\/maelrannou.fr\/envrac\/wp-content\/uploads\/sites\/3\/2025\/02\/fred-768x525.jpg 768w\" sizes=\"auto, (max-width: 767px) 89vw, (max-width: 1000px) 54vw, (max-width: 1071px) 543px, 580px\" \/><figcaption class=\"wp-element-caption\">Les deux volumes lus et relus, dans la collection 16\/22. Malgr\u00e9 le massacre de maquette, tout restait incroyable.<\/figcaption><\/figure>\n<\/div>\n\n\n<p><\/p>\n","protected":false},"excerpt":{"rendered":"<p>Je l&rsquo;\u00e9voquai dans un pr\u00e9c\u00e9dent post, me voici p\u00e8re de deux enfants, forc\u00e9ment merveilleuxes. Vous trouverez ci-dessous le faire-part, en BD et dessin bien s\u00fbr, r\u00e9alis\u00e9 avec leur m\u00e8re, Natacha Czornyj-B\u00e9hal (d\u00e9j\u00e0 vue ici ou ici). Mais au-del\u00e0 de cette BD, un mini fanzine exclusif (sur les r\u00e9seaux j&rsquo;ai diffus\u00e9 le PDF d&rsquo;impression car c&rsquo;\u00e9tait &hellip; <\/p>\n<p class=\"link-more\"><a href=\"https:\/\/maelrannou.fr\/envrac\/?p=895\" class=\"more-link\">Continuer la lecture<span class=\"screen-reader-text\"> de &laquo;&nbsp;Un faire part et des pr\u00e9noms.&nbsp;&raquo;<\/span><\/a><\/p>\n","protected":false},"author":2,"featured_media":905,"comment_status":"open","ping_status":"open","sticky":false,"template":"","format":"standard","meta":{"footnotes":""},"categories":[22],"tags":[476,6,11,477,483,474,484,482,479,481,473,480,478],"class_list":["post-895","post","type-post","status-publish","format-standard","has-post-thumbnail","hentry","category-en-passant","tag-anya","tag-bande-dessinee","tag-blutch","tag-bretagne","tag-buffy","tag-faire-part","tag-famille","tag-fred","tag-kundera","tag-philemon","tag-prenoms","tag-sunnymoon","tag-ukraine"],"_links":{"self":[{"href":"https:\/\/maelrannou.fr\/envrac\/index.php?rest_route=\/wp\/v2\/posts\/895","targetHints":{"allow":["GET"]}}],"collection":[{"href":"https:\/\/maelrannou.fr\/envrac\/index.php?rest_route=\/wp\/v2\/posts"}],"about":[{"href":"https:\/\/maelrannou.fr\/envrac\/index.php?rest_route=\/wp\/v2\/types\/post"}],"author":[{"embeddable":true,"href":"https:\/\/maelrannou.fr\/envrac\/index.php?rest_route=\/wp\/v2\/users\/2"}],"replies":[{"embeddable":true,"href":"https:\/\/maelrannou.fr\/envrac\/index.php?rest_route=%2Fwp%2Fv2%2Fcomments&post=895"}],"version-history":[{"count":8,"href":"https:\/\/maelrannou.fr\/envrac\/index.php?rest_route=\/wp\/v2\/posts\/895\/revisions"}],"predecessor-version":[{"id":1114,"href":"https:\/\/maelrannou.fr\/envrac\/index.php?rest_route=\/wp\/v2\/posts\/895\/revisions\/1114"}],"wp:featuredmedia":[{"embeddable":true,"href":"https:\/\/maelrannou.fr\/envrac\/index.php?rest_route=\/wp\/v2\/media\/905"}],"wp:attachment":[{"href":"https:\/\/maelrannou.fr\/envrac\/index.php?rest_route=%2Fwp%2Fv2%2Fmedia&parent=895"}],"wp:term":[{"taxonomy":"category","embeddable":true,"href":"https:\/\/maelrannou.fr\/envrac\/index.php?rest_route=%2Fwp%2Fv2%2Fcategories&post=895"},{"taxonomy":"post_tag","embeddable":true,"href":"https:\/\/maelrannou.fr\/envrac\/index.php?rest_route=%2Fwp%2Fv2%2Ftags&post=895"}],"curies":[{"name":"wp","href":"https:\/\/api.w.org\/{rel}","templated":true}]}}