{"id":981,"date":"2025-07-17T11:45:07","date_gmt":"2025-07-17T09:45:07","guid":{"rendered":"https:\/\/maelrannou.fr\/envrac\/?p=981"},"modified":"2025-07-17T11:45:07","modified_gmt":"2025-07-17T09:45:07","slug":"chantons-la-bande-dessinee-avec-anne-sylvestre","status":"publish","type":"post","link":"https:\/\/maelrannou.fr\/envrac\/?p=981","title":{"rendered":"Chantons la bande dessin\u00e9e avec&#8230; Anne Sylvestre"},"content":{"rendered":"\n<p class=\"has-black-color has-text-color has-link-color wp-elements-8a843786f8e71e75fc38db2673ff628f\"><a href=\"https:\/\/maelrannou.fr\/envrac\/?p=974\">Pour commencer cet index<\/a>, une chanson que j&rsquo;aime \u00e9norm\u00e9ment, et un premier quasi hors-piste, avec une tr\u00e8s belle chanson d&rsquo;Anne Sylvestre sur son album <em>Tant de choses \u00e0 vous dire<\/em> (1986). Une chanson atypique, combien parlent d&rsquo;un dessinateur et de son \u0153uvre en g\u00e9n\u00e9ral plut\u00f4t que d&rsquo;un personnage, un titre ?, une grande douceur et beaut\u00e9, c&rsquo;est Anne Sylvestre, en libert\u00e9 aussi, car autoproduite \u00e0 ce moment-l\u00e0.<\/p>\n\n\n\n<p class=\"has-black-color has-text-color has-link-color wp-elements-64a63b0c8b03c634d3a1cb1f20d66855\">Sauf que\u2026 Jean-Jacques Semp\u00e9 ce n&rsquo;est pas \u00e0 proprement parler de la bande dessin\u00e9e. Il en a fait : un <em>Petit Nicolas <\/em>est en BD, au d\u00e9but, L&rsquo;ascension sociale de monsieur Lambert est une BD parue dans<em> Charlie mensuel <\/em>en 1974, mais la tr\u00e8s grande majorit\u00e9 du travail de Semp\u00e9, et ce pour quoi il est c\u00e9l\u00e9br\u00e9 est de l&rsquo;illustration. On pense aux illustrations du<em> Petit Nicolas<\/em> et, surtout, \u00e0 ses grands dessins l\u00e9gend\u00e9s, dr\u00f4les, suspendus, ce qu&rsquo;on appelle ailleurs des <em>cartoon <\/em>et qui n&rsquo;est pas tr\u00e8s d\u00e9velopp\u00e9 en France m\u00eame s&rsquo;il y a d&rsquo;autres grands noms. Ce sont clairement \u00e0 ces images qu&rsquo;Anne Sylvestre fait r\u00e9f\u00e9rence.<\/p>\n\n\n\n<p class=\"has-black-color has-text-color has-link-color wp-elements-1426601c5def5e81464d167af1b97a57\">Il reste que par son travail du dessin narratif, et par ses amiti\u00e9s et collaborations, principalement Goscinny, ainsi que par le fait d&rsquo;\u00eatre publi\u00e9 dans <em>Pilote<\/em>, Semp\u00e9 est tr\u00e8s souvent int\u00e9gr\u00e9 au champ de la bande dessin\u00e9e. Il est connu des amateurs du neuvi\u00e8me art, a publi\u00e9 dans d&rsquo;autres magazines de BD, et avait \u00e9t\u00e9 c\u00e9l\u00e9br\u00e9 comme membre du champ en recevant <a href=\"https:\/\/www.actuabd.com\/Angouleme-2010-Un-Fauve-d-Or-Pour\">un Fauve d&rsquo;honneur au festival international de la bande dessin\u00e9e d&rsquo;Angoul\u00eame en 2010<\/a>.<\/p>\n\n\n\n<p class=\"has-black-color has-text-color has-link-color wp-elements-bc29040c64cd3116d2d8734ba1ed23cb\">Ouvrons donc cet index avec ce pas de c\u00f4t\u00e9, mais pas trop, et Anne Sylvestre :<\/p>\n\n\n\n<figure class=\"wp-block-embed is-type-video is-provider-youtube wp-block-embed-youtube wp-embed-aspect-4-3 wp-has-aspect-ratio\"><div class=\"wp-block-embed__wrapper\">\n<iframe loading=\"lazy\" title=\"Comme un personnage de Semp\u00e9\" width=\"525\" height=\"394\" src=\"https:\/\/www.youtube.com\/embed\/T9gdM9eUl14?feature=oembed\" frameborder=\"0\" allow=\"accelerometer; autoplay; clipboard-write; encrypted-media; gyroscope; picture-in-picture; web-share\" referrerpolicy=\"strict-origin-when-cross-origin\" allowfullscreen><\/iframe>\n<\/div><\/figure>\n\n\n\n<p class=\"has-black-color has-text-color has-link-color wp-elements-476078f6d025d25c04596c00c1aa8d2a\">\u00ab&nbsp;Et je laisserai sans doute<br>Quelque chose derri\u00e8re moi<br>Alors le plus bel hommage<br>\u00c7a serait de me laisser<\/p>\n\n\n\n<p class=\"has-black-color has-text-color has-link-color wp-elements-e445001a449243bcd2383793accab6d7\">Me promener dans l&rsquo;image<br>Je ne ferais que passer<br><br>Et je serais provisoire<br>Une fourmi dans l&rsquo;histoire<br>Rassur\u00e9e<br>Un \u00eatre humain dans la foule<br>Dans la tendresse qui coule<br>De Semp\u00e9<br><br>Comme un point dans une image<br>Comme un petit personnage<br>De Semp\u00e9&nbsp;\u00bb<\/p>\n\n\n\n<p class=\"has-black-color has-text-color has-link-color has-small-font-size wp-elements-c8678343b8c3edf051d5efcb9c8b76bf\"><br>PS : On oubliera volontairement que lui-m\u00eame a toujours ni\u00e9 \u00eatre membre de cet univers, <a href=\"https:\/\/www.radiofrance.fr\/franceculture\/podcasts\/le-reveil-culturel\/sempe-j-ai-horreur-de-la-bande-dessinee-des-petits-carres-et-des-grosses-lettres-5175687\" data-type=\"link\" data-id=\"https:\/\/www.radiofrance.fr\/franceculture\/podcasts\/le-reveil-culturel\/sempe-j-ai-horreur-de-la-bande-dessinee-des-petits-carres-et-des-grosses-lettres-5175687\">d\u00e9clarant \u00e0 France Culture huit ans apr\u00e8s avoir accept\u00e9 le prix du FIBD<\/a> : \u00ab\u00a0J\u2019ai horreur de la bande dessin\u00e9e, des petits carr\u00e9s et des grosses lettres !\u00a0\u00bb Bon j\u2019ai toujours entendu qu\u2019il \u00e9tait nettement moins sympathique que ses dessins.<br><br><\/p>\n","protected":false},"excerpt":{"rendered":"<p>Pour commencer cet index, une chanson que j&rsquo;aime \u00e9norm\u00e9ment, et un premier quasi hors-piste, avec une tr\u00e8s belle chanson d&rsquo;Anne Sylvestre sur son album Tant de choses \u00e0 vous dire (1986). Une chanson atypique, combien parlent d&rsquo;un dessinateur et de son \u0153uvre en g\u00e9n\u00e9ral plut\u00f4t que d&rsquo;un personnage, un titre ?, une grande douceur et &hellip; <\/p>\n<p class=\"link-more\"><a href=\"https:\/\/maelrannou.fr\/envrac\/?p=981\" class=\"more-link\">Continuer la lecture<span class=\"screen-reader-text\"> de &laquo;&nbsp;Chantons la bande dessin\u00e9e avec&#8230; Anne Sylvestre&nbsp;&raquo;<\/span><\/a><\/p>\n","protected":false},"author":2,"featured_media":982,"comment_status":"open","ping_status":"open","sticky":false,"template":"","format":"standard","meta":{"footnotes":""},"categories":[514],"tags":[517,6,2,518,283,66,516],"class_list":["post-981","post","type-post","status-publish","format-standard","has-post-thumbnail","hentry","category-chantons-la-bande-dessinee","tag-anne-sylvestre","tag-bande-dessinee","tag-bd","tag-beaute","tag-dessin","tag-illustration","tag-jean-jacques-sempe"],"_links":{"self":[{"href":"https:\/\/maelrannou.fr\/envrac\/index.php?rest_route=\/wp\/v2\/posts\/981","targetHints":{"allow":["GET"]}}],"collection":[{"href":"https:\/\/maelrannou.fr\/envrac\/index.php?rest_route=\/wp\/v2\/posts"}],"about":[{"href":"https:\/\/maelrannou.fr\/envrac\/index.php?rest_route=\/wp\/v2\/types\/post"}],"author":[{"embeddable":true,"href":"https:\/\/maelrannou.fr\/envrac\/index.php?rest_route=\/wp\/v2\/users\/2"}],"replies":[{"embeddable":true,"href":"https:\/\/maelrannou.fr\/envrac\/index.php?rest_route=%2Fwp%2Fv2%2Fcomments&post=981"}],"version-history":[{"count":1,"href":"https:\/\/maelrannou.fr\/envrac\/index.php?rest_route=\/wp\/v2\/posts\/981\/revisions"}],"predecessor-version":[{"id":983,"href":"https:\/\/maelrannou.fr\/envrac\/index.php?rest_route=\/wp\/v2\/posts\/981\/revisions\/983"}],"wp:featuredmedia":[{"embeddable":true,"href":"https:\/\/maelrannou.fr\/envrac\/index.php?rest_route=\/wp\/v2\/media\/982"}],"wp:attachment":[{"href":"https:\/\/maelrannou.fr\/envrac\/index.php?rest_route=%2Fwp%2Fv2%2Fmedia&parent=981"}],"wp:term":[{"taxonomy":"category","embeddable":true,"href":"https:\/\/maelrannou.fr\/envrac\/index.php?rest_route=%2Fwp%2Fv2%2Fcategories&post=981"},{"taxonomy":"post_tag","embeddable":true,"href":"https:\/\/maelrannou.fr\/envrac\/index.php?rest_route=%2Fwp%2Fv2%2Ftags&post=981"}],"curies":[{"name":"wp","href":"https:\/\/api.w.org\/{rel}","templated":true}]}}