{"id":1,"date":"2018-03-03T15:58:57","date_gmt":"2018-03-03T14:58:57","guid":{"rendered":"http:\/\/maelrannou.fr\/vuedefrance\/?p=1"},"modified":"2018-03-03T22:01:47","modified_gmt":"2018-03-03T21:01:47","slug":"bonjour-tout-le-monde","status":"publish","type":"post","link":"https:\/\/maelrannou.fr\/vuedefrance\/2018\/03\/03\/bonjour-tout-le-monde\/","title":{"rendered":"Le Grand retour"},"content":{"rendered":"<p>D&rsquo;octobre 2013 \u00e0 juin 2015 je tenais un blog sur la politique qu\u00e9b\u00e9coise et canadienne, blog au succ\u00e8s sans doute mitig\u00e9 mais plut\u00f4t satisfaisant. Durant ces deux ans, j&rsquo;avais pu interroger nombre d&rsquo;acteurs et actrices politiques, dont les destins ont \u00e9volu\u00e9 (de la d\u00e9faite \u00e0 la victoire), pu \u00e9galement tenter d&rsquo;\u00e9clairer les fran\u00e7ais sur le syst\u00e8me d&rsquo;outre-Atlantique et faire des chroniques d&rsquo;opinion. Je m&rsquo;engageais \u00e9videmment parfois pour tel ou tel &#8211; je reste fermement convaincu que le Qu\u00e9bec doit \u00eatre ind\u00e9pendant et de gauche (pas l&rsquo;un ou l&rsquo;autre) &#8211; mais a posteriori ce sont vraiment les textes dont l&rsquo;objet \u00e9tait de comparer les syst\u00e8mes (ainsi de l&rsquo;<a href=\"https:\/\/maelrannou.fr\/vuedefrance\/2014\/10\/20\/les-partielles-en-question\/\">article sur les suppl\u00e9ants<\/a>, ou sur le <a href=\"https:\/\/maelrannou.fr\/vuedefrance\/2015\/03\/02\/le-front-national-est-lallie-des-independantistes\/\">Front national et l&rsquo;ind\u00e9pendance<\/a>) qui me semblent les plus int\u00e9ressants.<\/p>\n<p>En cette ann\u00e9e \u00e9lectorale pour le Qu\u00e9bec, o\u00f9 l&rsquo;on d\u00e9passe le mi-mandat pour Trudeau au Canada, et o\u00f9 la France se pose des questions constitutionnelles (avec notamment la question du r\u00e9f\u00e9rendum d&rsquo;ind\u00e9pendance en Nouvelle-Cal\u00e9donie) l&rsquo;envie me prend de relancer ce projet.<\/p>\n<p>Beaucoup de choses ont chang\u00e9 depuis 2015,\u00a0 mais mon int\u00e9r\u00eat (expliqu\u00e9 dans <a href=\"https:\/\/maelrannou.fr\/vuedefrance\/2013\/10\/14\/pourquoi\/\">ce premier post en 2013<\/a>) n&rsquo;a pas chang\u00e9 et l&rsquo;objectif non plus, vous trouverez ici des articles, chroniques, notes de lectures et entretiens autour de la politique qu\u00e9b\u00e9coise et canadienne. L&rsquo;axe est ouvertement militant, c&rsquo;est un militant \u00e9cologiste, de gauche et ind\u00e9pendantiste qui vous parle, ce qui n\u2019emp\u00eachera pas de recevoir des personnes hors de ce spectre.<\/p>\n<p>J&rsquo;ai recharg\u00e9 sur cette plateforme la majorit\u00e9 de l&rsquo;ancien site, pas tout car c&rsquo;est long, mais l&rsquo;essentiel y est (notamment tous les entretiens). On retrouve toujours les textes sur la plateforme originelle, <a href=\"http:\/\/vuedefrance.canalblog.com\">\u00e0 l&rsquo;abandon<\/a>.<\/p>\n","protected":false},"excerpt":{"rendered":"<p>D&rsquo;octobre 2013 \u00e0 juin 2015 je tenais un blog sur la politique qu\u00e9b\u00e9coise et canadienne, blog au succ\u00e8s sans doute mitig\u00e9 mais plut\u00f4t satisfaisant. Durant ces deux ans, j&rsquo;avais pu interroger nombre d&rsquo;acteurs et actrices politiques, dont les destins ont \u00e9volu\u00e9 (de la d\u00e9faite \u00e0 la victoire), pu \u00e9galement tenter d&rsquo;\u00e9clairer les fran\u00e7ais sur le &hellip; <\/p>\n<p class=\"link-more\"><a href=\"https:\/\/maelrannou.fr\/vuedefrance\/2018\/03\/03\/bonjour-tout-le-monde\/\" class=\"more-link\">Continuer la lecture<span class=\"screen-reader-text\"> de &laquo;&nbsp;Le Grand retour&nbsp;&raquo;<\/span><\/a><\/p>\n","protected":false},"author":2,"featured_media":6,"comment_status":"open","ping_status":"open","sticky":false,"template":"","format":"standard","meta":{"footnotes":""},"categories":[2],"tags":[4,98,57,59,8,97,13,14],"class_list":["post-1","post","type-post","status-publish","format-standard","has-post-thumbnail","hentry","category-chronique","tag-canada","tag-ecologie","tag-gauche","tag-independance","tag-parti-quebecois","tag-politique","tag-quebec","tag-quebec-solidaire"],"_links":{"self":[{"href":"https:\/\/maelrannou.fr\/vuedefrance\/wp-json\/wp\/v2\/posts\/1","targetHints":{"allow":["GET"]}}],"collection":[{"href":"https:\/\/maelrannou.fr\/vuedefrance\/wp-json\/wp\/v2\/posts"}],"about":[{"href":"https:\/\/maelrannou.fr\/vuedefrance\/wp-json\/wp\/v2\/types\/post"}],"author":[{"embeddable":true,"href":"https:\/\/maelrannou.fr\/vuedefrance\/wp-json\/wp\/v2\/users\/2"}],"replies":[{"embeddable":true,"href":"https:\/\/maelrannou.fr\/vuedefrance\/wp-json\/wp\/v2\/comments?post=1"}],"version-history":[{"count":3,"href":"https:\/\/maelrannou.fr\/vuedefrance\/wp-json\/wp\/v2\/posts\/1\/revisions"}],"predecessor-version":[{"id":74,"href":"https:\/\/maelrannou.fr\/vuedefrance\/wp-json\/wp\/v2\/posts\/1\/revisions\/74"}],"wp:featuredmedia":[{"embeddable":true,"href":"https:\/\/maelrannou.fr\/vuedefrance\/wp-json\/wp\/v2\/media\/6"}],"wp:attachment":[{"href":"https:\/\/maelrannou.fr\/vuedefrance\/wp-json\/wp\/v2\/media?parent=1"}],"wp:term":[{"taxonomy":"category","embeddable":true,"href":"https:\/\/maelrannou.fr\/vuedefrance\/wp-json\/wp\/v2\/categories?post=1"},{"taxonomy":"post_tag","embeddable":true,"href":"https:\/\/maelrannou.fr\/vuedefrance\/wp-json\/wp\/v2\/tags?post=1"}],"curies":[{"name":"wp","href":"https:\/\/api.w.org\/{rel}","templated":true}]}}