{"id":128,"date":"2014-11-11T23:10:39","date_gmt":"2014-11-11T22:10:39","guid":{"rendered":"http:\/\/maelrannou.fr\/vuedefrance\/?p=128"},"modified":"2018-03-03T23:15:22","modified_gmt":"2018-03-03T22:15:22","slug":"entretien-avec-eve-peclet-deputee-de-la-pointe-de-lile-2-2","status":"publish","type":"post","link":"https:\/\/maelrannou.fr\/vuedefrance\/2014\/11\/11\/entretien-avec-eve-peclet-deputee-de-la-pointe-de-lile-2-2\/","title":{"rendered":"Entretien avec \u00c8ve P\u00e9clet, d\u00e9put\u00e9e de La Pointe-de-l&rsquo;\u00cele 2\/2"},"content":{"rendered":"<p><strong>La semaine derni\u00e8re nous publiions <a href=\"https:\/\/maelrannou.fr\/vuedefrance\/2014\/10\/26\/entretien-avec-eve-peclet-deputee-de-la-pointe-de-lile-1-2\/\">la premi\u00e8re partie de notre entretien avec\u00a0\u00c8ve P\u00e9clet<\/a>, d\u00e9put\u00e9e de La Pointe-de-l&rsquo;\u00cele,\u00a0porte-parole adjointe de l&rsquo;opposition officialle en charge de la justice et pr\u00e9sidente du caucus jeune du NPD. Apr\u00e8s avoir largement parl\u00e9 de son engagement et du trait\u00e9 de libre \u00e9change Europe-Canada\u00a0(AECG), suite et fin de l&rsquo;entretien autours des relations internationales, des lois port\u00e9es par Mme P\u00e9clet et de la jeunesse.<br \/>\n<\/strong><\/p>\n<p><a class=\"cboxElement\" href=\"http:\/\/p4.storage.canalblog.com\/41\/05\/1174139\/100199571_o.jpg\" target=\"_blank\" rel=\"noopener\" name=\"IMG_100199571\"><img decoding=\"async\" class=\"nonealign width300\" src=\"http:\/\/p4.storage.canalblog.com\/41\/05\/1174139\/100199571.jpg\" alt=\"evepeclet\" border=\"0\" \/><\/a><\/p>\n<p align=\"JUSTIFY\"><strong>Sur le sujet des affaires internationales, une actualit\u00e9 br\u00fblante a \u00e9t\u00e9 la crise isra\u00e9lo-palestinienne. \u00c0 la Chambre des Communes vous vous \u00e9tiez fermement engag\u00e9e pour la Paix et la cr\u00e9ation d&rsquo;un \u00c9tat palestinien. On a entendu beaucoup de choses sur le NPD \u00e0 ce propos, et notamment que les d\u00e9put\u00e9s ne devaient pas s&rsquo;engager trop visiblement. Pouvez-vous tirer au clair cette affaire et exposer la position du NPD sur le conflit\u00a0?<\/strong><\/p>\n<p align=\"JUSTIFY\">Le NPD a toujours eu la m\u00eame position concernant le conflit isra\u00e9lo-palestinien; nous <span lang=\"fr-CA\">d\u00e9fendons toujours une coexistence pacifique entre deux \u00c9tats ind\u00e9pendants avec des fronti\u00e8res n\u00e9goci\u00e9es, la fin de l&rsquo;occupation isra\u00e9lienne en Palestine et la fin de la violence envers les civils. <\/span> Lors du dernier conflit, nous entrions dans une p\u00e9riode d\u00e9cisive en ce qui a trait \u00e0 la situation entre Isra\u00ebl et la Palestine et nous critiquions la position non-\u00e9quilibr\u00e9e du gouvernement canadien concernant ce conflit; \u00abce que nous avons du c\u00f4t\u00e9 canadien, sous les conservateurs, c&rsquo;est le n\u00e9gativisme, les reproches, les attaques et les menaces\u00bb, avait d\u00e9clar\u00e9 notre chef, M. Mulcair. Les conservateurs de Stephen Harper g\u00e8rent de fa\u00e7on ind\u00e9licate et inefficace les dossiers diplomatiques de cette importance et nous voyons les r\u00e9percussions que cela peut avoir. Nous perdons toute cr\u00e9dibilit\u00e9 comme acteur de soutien et nous minons \u00e0 la base les efforts de nos alli\u00e9s pour la paix.<\/p>\n<p align=\"JUSTIFY\">Le Canada devrait jouer un r\u00f4le constructif dans la r\u00e9solution de la question isra\u00e9lo-palestinienne et comme nous l\u2019avons fi\u00e8rement d\u00e9j\u00e0 fait sur \u200bla sc\u00e8ne internationale \u00e0 d\u2019autres occasions. Au lieu de se retrousser les manches et d\u2019agir concr\u00e8tement pour permettre aux n\u00e9gociations entre les deux \u00c9tats d\u2019avancer, le Canada se place en tr\u00e8s mauvaise position en prenant parti ce qui met en p\u00e9ril toutes tentatives de n\u00e9gociations et l\u2019emp\u00eache de participer aux efforts men\u00e9s par nos alli\u00e9s comme les \u00c9tats-Unis et le Royaume-Uni. Nous appuyons fermement un r\u00e8glement du conflit isra\u00e9lo-palestinien pr\u00e9voyant deux \u00c9tats. Nous demandions donc au gouvernement d\u2019appuyer ces efforts car il est clair que ce conflit ne peut \u00eatre r\u00e9solu que si les Isra\u00e9liens et les Palestiniens s\u2019assoient \u00e0 la table des n\u00e9gociations.<\/p>\n<p align=\"JUSTIFY\"><strong>Dans les deux secteurs dont vous vous \u00eates occup\u00e9, pourriez-vous pr\u00e9sentez au lecteur un cas embl\u00e9matique de politique conservatrice que vous avez combattu et les propositions du NPD ?<\/strong><\/p>\n<p align=\"JUSTIFY\">Au niveau des affaires \u00e9trang\u00e8res, je ne peux passer sous silence les deux d\u00e9cisions prises par le gouvernement conservateur de se retirer du Protocole de Kyoto et de la Convention de l&rsquo;ONU pour lutter contre la d\u00e9sertification. Cela fait du Canada le seul pays dans le monde \u00e0 avoir fait marche arri\u00e8re sur le plan environnemental face aux d\u00e9fis auxquels font face la communaut\u00e9 internationale. C\u2019est une d\u00e9cision qui a \u00e9t\u00e9 d\u00e9cri\u00e9e non seulement par beaucoup de canadiens et canadiennes mais, par nombreuses organisations internationales et plusieurs autres \u00c9tats. Je suis pr\u00eate \u00e0 admettre que la politique partisane peut jouer au niveau de la politique nationale mais, lorsque l\u2019on repr\u00e9sente un \u00c9tat, membre de la communaut\u00e9 internationale, un pays du G7, membre de l\u2019OCDE, le Canada a une responsabilit\u00e9. Malheureusement, depuis 2006, les conservateurs n\u2019ont pas su faire preuve de leadership et ont clairement min\u00e9 la cr\u00e9dibilit\u00e9 du Canada aux yeux de la communaut\u00e9 internationale.<\/p>\n<p align=\"JUSTIFY\">Au niveau de la justice maintenant, o\u00f9 devrai-je commencer ? Les principes r\u00e9gissant les politiques conservatrices sont loin de ce que nous connaissons au Canada. \u00ab La loi et l\u2019ordre \u00bb selon eux. Leur projet de loi C-10 constitue un exemple parfait de l\u2019approche conservatrice en mati\u00e8re justice. Au Qu\u00e9bec, nous avons une longue et profonde tradition de r\u00e9insertion et de r\u00e9habilitation qui guide un peu nos politiques. Pour les conservateurs, ce sont des principes et des valeurs qui n\u2019existent pas. L\u2019ajout de peines minimales obligatoires non seulement enl\u00e8ve le pouvoir discr\u00e9tionnaire des juges, mais il rend aussi compl\u00e8tement inefficace ce syst\u00e8me que nous ch\u00e9rissons ; ce syst\u00e8me justement bas\u00e9 sur la r\u00e9habilitation plut\u00f4t que sur la r\u00e9pression. Les \u00c9tats-Unis, champion de l\u2019approche r\u00e9pressive, commencent \u00e0 faire marche arri\u00e8re et r\u00e9alisent maintenant \u00e0 quel point ce genre de politiques sont n\u00e9fastes \u00e0 long terme. Je lisais justement un article qui donnait en exemple la Floride et le Texas, qui veulent compl\u00e8tement revoir leur approche au niveau de la justice criminelle. Pendant ce temps, nous, au Canada, on fait le contraire, c\u2019est insens\u00e9 ! Sans vous parler des peines pour adultes impos\u00e9es aux mineurs ce qui viole les principes fondamentaux de la Convention des Nations Unies relative aux droits de l\u2019enfant. Je peux aussi faire mention du projet de loi C-13 (anciennement C-30) sur l\u2019acc\u00e8s l\u00e9gal. Les conservateurs veulent \u00e0 tout prix adopter un tel projet de loi qui donnerait un acc\u00e8s l\u00e9gal aux informations personnelles des canadiens sans mandat aux agents de la paix et aux fonctionnaires publics.<\/p>\n<p align=\"JUSTIFY\">Bref, avec les conservateurs au pouvoir, on r\u00e9gresse que ce soit en Affaires \u00e9trang\u00e8res ou en mati\u00e8re de justice !<\/p>\n<p><a class=\"cboxElement\" href=\"http:\/\/p9.storage.canalblog.com\/90\/73\/1174139\/100199600_o.jpg\" target=\"_blank\" rel=\"noopener\" name=\"IMG_100199600\"><img decoding=\"async\" class=\"nonealign width450\" src=\"http:\/\/p9.storage.canalblog.com\/90\/73\/1174139\/100199600.jpg\" alt=\"evepeclet2\" border=\"0\" \/><\/a><\/p>\n<p align=\"JUSTIFY\"><strong>Pourriez-vous citer une loi que vous \u00eates fi\u00e8re d&rsquo;avoir port\u00e9, et votre plus gros regret quant \u00e0 un projet rejet\u00e9 faute de majorit\u00e9 ?<\/strong><\/p>\n<p align=\"JUSTIFY\">Je suis vraiment contente que vous me posiez la question car un des sujets qui m\u2019a pouss\u00e9 \u00e0 vouloir m\u2019impliquer en politique est la responsabilit\u00e9 sociale des entreprises. De ce fait, j\u2019ai d\u00e9pos\u00e9 le projet de loi C-584, Loi concernant la responsabilit\u00e9 sociale d\u2019entreprise inh\u00e9rente aux activit\u00e9s des soci\u00e9t\u00e9s extractives canadiennes dans des pays en d\u00e9veloppement.<\/p>\n<p align=\"JUSTIFY\">Le Canada se trouve dans une situation unique au monde. Plus de 75 % des compagnies mini\u00e8res ou des compagnies qui \u0153uvrent dans le secteur extractif sont incorpor\u00e9es ici.<\/p>\n<p align=\"JUSTIFY\">Dans la majorit\u00e9 des cas, ces compagnies sont actives dans des pays o\u00f9 les populations sont vuln\u00e9rables, compte tenu de divers facteurs, notamment l&rsquo;instabilit\u00e9 politique ou une s\u00e9curit\u00e9 d\u00e9ficiente. Elles se trouvent aussi dans des pays o\u00f9 le respect et l&rsquo;application des droits des travailleurs, des droits de la personne et de la protection de l&rsquo;environnement sont souvent inad\u00e9quats ou inefficaces.<\/p>\n<p align=\"JUSTIFY\">Or, je crois profond\u00e9ment que le respect de ces principes ne peut \u00eatre restreint d\u00e9pendamment des capacit\u00e9s ou de la d\u00e9termination des \u00c9tats de remplir leurs propres obligations dans ces domaines. On parle de milliers de personnes qui voient leurs droits fondamentaux viol\u00e9s. Des milliers de personnes qui vivent dans la peur de perdre leur maison, de perdre leur famille ou m\u00eame qui vivent dans l\u2019\u00e9ternel cercle vicieux de la violence et de la corruption. Ce ne sont pas les valeurs que nous voulons promouvoir, au contraire !<\/p>\n<p align=\"JUSTIFY\">En 2005, un rapport du comit\u00e9 des Affaires \u00e9trang\u00e8res du Parlement canadien reconna\u00eet les cons\u00e9quences n\u00e9fastes qu\u2019ont les activit\u00e9s des compagnies mini\u00e8res canadiennes sur les populations des pays en d\u00e9veloppement et les abus qui ont \u00e9t\u00e9 commis. Le plus important est que ce rapport pr\u00e9cise que les mesures volontaires ont \u00e9t\u00e9 inefficaces \u00e0 ce jour et qu\u2019il faut que le gouvernement revoit sa strat\u00e9gie. Ce rapport a d\u00e9clench\u00e9 plusieurs actions de la part du gouvernement notamment qui ont men\u00e9 des tables rondes nationales en 2007 sur la responsabilit\u00e9 sociale des entreprises. En 2009, le gouvernement conservateur d\u00e9cide de cr\u00e9\u00e9 le Bureau du conseiller en responsabilit\u00e9 sociale des entreprises en r\u00e9ponse au rapport des tables rondes de 2007. Par contre, il fait bien attention de ne lui octroyer aucun v\u00e9ritable pouvoir. Le conseiller ne d\u00e9tient ni l&rsquo;autorit\u00e9 d&rsquo;enqu\u00eater sur des plaintes ni le pouvoir judiciaire d&rsquo;assurer que les parties impliqu\u00e9es participent de bonne foi au processus d&rsquo;arbitrage.<\/p>\n<p align=\"JUSTIFY\">Le bilan est un \u00e9chec total car aucun des six cas soulev\u00e9s n&rsquo;a abouti en m\u00e9diation et m\u00eame trois de ces cas ont vu les compagnies mini\u00e8res, elles-m\u00eames accus\u00e9es de violation des droits de la personne, refuser de participer \u00e0 la m\u00e9diation. Tous les cas sont donc ferm\u00e9s, et la premi\u00e8re conseill\u00e8re nomm\u00e9e, Marketa Evans, a d\u00e9missionn\u00e9 en octobre 2013, un an avant la fin de son mandat. Le poste de conseiller reste toujours inoccup\u00e9 depuis sa d\u00e9mission.<\/p>\n<p align=\"JUSTIFY\">Malheureusement, force est de constater que rien n\u2019a \u00e9t\u00e9 fait depuis 2005 car m\u00eame \u00e0 la suite des consultations le gouvernement adopte un m\u00e9canisme volontaire\u2026qui n\u2019a, \u00e0 ce jour, absolument rien accompli et refuse toujours d\u2019agir !<\/p>\n<p align=\"JUSTIFY\"><strong>En 2011 le NPD a fait \u00e9lire \u00e9norm\u00e9ment de jeunes de moins de trente ans, en mai vous avez d&rsquo;ailleurs \u00e9t\u00e9 \u00e9lue pr\u00e9sidente du caucus jeune du NPD. En quoi ce caucus consiste-t-il, pourquoi vous semble-t-il aussi important d&rsquo;inclure les jeunes dans la politique et que r\u00e9pondez-vous \u00e0 ceux qui vous disent qu&rsquo;ils n&rsquo;ont pas assez d&rsquo;exp\u00e9rience\/de dipl\u00f4me\/de connaissances (etc.) pour \u00eatre d\u00e9put\u00e9s ?<\/strong><\/p>\n<p align=\"JUSTIFY\">Il y a une chose qui est claire, l\u2019inclusion des jeunes en politique n\u2019est pas un acquis. C\u2019est dommage, parce que pendant toutes ces ann\u00e9es, les revendications et les int\u00e9r\u00eats des jeunes n\u2019ont jamais vraiment pu trouver leur place dans les politiques f\u00e9d\u00e9rales. Et malheureusement, \u00e7a se ressent !<\/p>\n<p align=\"JUSTIFY\">C\u2019est une tendance que le NPD a commenc\u00e9 a renverser ! Bon, comme vous le savez, je suis la pr\u00e9sidente du caucus des jeunes et je peux vous dire que c\u2019est d\u00e9j\u00e0 tout un progr\u00e8s. En 2008, lorsque Niki Ashton a \u00e9t\u00e9 \u00e9lue sous la banni\u00e8re NPD, c\u2019\u00e9tait la plus jeune femme au Parlement. Par contre, il n\u2019y avait pas caucus des jeunes au sein du NPD\u2026 ni des autres partis, je suis certaine de \u00e7a. Depuis 2011, c\u2019est compl\u00e8tement diff\u00e9rent. On compte 22 d\u00e9put\u00e9(e)s dans le caucus des jeunes, tous ont moins de 33 ans. Notre r\u00f4le, c\u2019est de faire en sorte que les politiques dont on discute au Parlement prennent en compte la r\u00e9alit\u00e9 v\u00e9cue par des milliers de jeunes au Canada. On veut donner une place aux enjeux qui les touchent lors des d\u00e9bats. On veut aussi aller \u00e0 la rencontre des jeunes de partout au Canada, pour les \u00e9couter et pour comprendre ce qu\u2019ils besoin que l\u2019on fasse pour eux. On est en quelque sorte la voix des jeunes au sein de notre parti mais aussi, au sein du Parlement. C\u2019est de cette fa\u00e7on que je le vois.<\/p>\n<p align=\"JUSTIFY\">Et ce que je r\u00e9ponds \u00e0 ceux qui me disent que les jeunes n&rsquo;ont pas assez d&rsquo;exp\u00e9rience\/de dipl\u00f4me\/de connaissances (etc.) pour \u00eatre d\u00e9put\u00e9(e)s ? La meilleure chose \u00e0 faire lorsque qu\u2019on se sent mal repr\u00e9sent\u00e9, c\u2019est de s\u2019impliquer et de se repr\u00e9senter soi-m\u00eame. Ce ne sont pas les politiciens de la vieille \u00e9cole qui vont adopter des politiques pour les jeunes ! Si on veut changer les choses, nous sommes les mieux plac\u00e9s pour le faire !<\/p>\n<p align=\"JUSTIFY\"><strong>Alors que les prochaines \u00e9lections approchent, quel regard portez-vous sur vos trois ans de mandats et comment voyez-vous l&rsquo;avenir ?<\/strong> <strong>Et vous repr\u00e9senterez-vous?<\/strong><\/p>\n<p align=\"JUSTIFY\">Ce n\u2019est pas quelque chose que je cache et je suis tr\u00e8s consciente que les gens ont vot\u00e9 pour Jack Layton lors de la derni\u00e8re \u00e9lection en 2011. C\u2019est d\u2019ailleurs en partie \u00e0 cause de lui que j\u2019ai moi-m\u00eame joint le NPD lorsque j\u2019\u00e9tais plus jeune. Par contre, les gens ont aussi vot\u00e9 pour le changement, l\u2019espoir et le positivisme que Jack incarnait. Je prends sur moi la prochaine \u00e9lection, et de ce fait ma r\u00e9\u00e9lection, et je pense que ces valeurs ; je les incarne tout autant.<\/p>\n<p align=\"JUSTIFY\">Je suis fi\u00e8re de pouvoir rencontrer les jeunes afin de reb\u00e2tir leur confiance envers la politique et afin de les pousser \u00e0 s\u2019impliquer, \u00e0 travailler pour b\u00e2tir notre future, celui qui r\u00e9pond \u00e0 nos aspirations. Je suis tr\u00e8s fi\u00e8re de ce que mon \u00e9quipe et moi avons accompli dans le comt\u00e9. Je suis all\u00e9e \u00e0 la rencontre de la population pour les \u00e9couter et les consulter sur autant de sujets possibles. Je suis leur voix au Parlement ! Je me bats pour que leurs droits et leurs int\u00e9r\u00eats soient entendus par le gouvernement. Que ce soit pour l\u2019assurance-emploi ou Postes Canada, les gens peuvent compter sur moi pour les d\u00e9fendre. Nous avons soutenu les organismes communautaires de La Pointe-de-l\u2019Ile et avons travaill\u00e9 sur plusieurs de leurs projets. Nous sommes l\u00e0 pour les soutenir ! Ce sera aux gens de La Pointe-de-l\u2019\u00cele de d\u00e9cider en 2015 s\u2019ils me font l\u2019honneur de leur confiance pour un prochain mandat.<\/p>\n<p style=\"text-align: right;\"><em>Entretien r\u00e9alis\u00e9 par courriel<\/em><br \/>\n<em>de septembre \u00e0 novembre 2014<\/em><\/p>\n<p><strong>Pour aller plus loin\u00a0<\/strong><br \/>\n<a href=\"http:\/\/www.evepeclet.npd.ca\/\" target=\"_blank\" rel=\"noopener\">Site officiel d&rsquo;\u00c8ve P\u00e9clet<br \/>\n<\/a><a href=\"https:\/\/www.facebook.com\/eve.pecletnpd\" target=\"_blank\" rel=\"noopener\">Page facebook d&rsquo;\u00c8ve P\u00e9clet<\/a><\/p>\n<p><code>Cr\u00e9dits images : Photo officielle d'\u00c8ve P\u00e9clet \/ Lors d'un rassemblement de soutien en 2013<\/code><\/p>\n","protected":false},"excerpt":{"rendered":"<p>La semaine derni\u00e8re nous publiions la premi\u00e8re partie de notre entretien avec\u00a0\u00c8ve P\u00e9clet, d\u00e9put\u00e9e de La Pointe-de-l&rsquo;\u00cele,\u00a0porte-parole adjointe de l&rsquo;opposition officialle en charge de la justice et pr\u00e9sidente du caucus jeune du NPD. Apr\u00e8s avoir largement parl\u00e9 de son engagement et du trait\u00e9 de libre \u00e9change Europe-Canada\u00a0(AECG), suite et fin de l&rsquo;entretien autours des relations &hellip; <\/p>\n<p class=\"link-more\"><a href=\"https:\/\/maelrannou.fr\/vuedefrance\/2014\/11\/11\/entretien-avec-eve-peclet-deputee-de-la-pointe-de-lile-2-2\/\" class=\"more-link\">Continuer la lecture<span class=\"screen-reader-text\"> de &laquo;&nbsp;Entretien avec \u00c8ve P\u00e9clet, d\u00e9put\u00e9e de La Pointe-de-l&rsquo;\u00cele 2\/2&nbsp;&raquo;<\/span><\/a><\/p>\n","protected":false},"author":2,"featured_media":130,"comment_status":"open","ping_status":"open","sticky":false,"template":"","format":"standard","meta":{"footnotes":""},"categories":[16],"tags":[4,142,166,168,115,42,81,167,147,117,13],"class_list":["post-128","post","type-post","status-publish","format-standard","has-post-thumbnail","hentry","category-entretien","tag-canada","tag-chambre-des-communes","tag-commerce","tag-eve-peclet","tag-federal","tag-femmes","tag-jeunesse","tag-la-pointe-de-lile","tag-nouveau-parti-democratiques","tag-npd","tag-quebec"],"_links":{"self":[{"href":"https:\/\/maelrannou.fr\/vuedefrance\/wp-json\/wp\/v2\/posts\/128","targetHints":{"allow":["GET"]}}],"collection":[{"href":"https:\/\/maelrannou.fr\/vuedefrance\/wp-json\/wp\/v2\/posts"}],"about":[{"href":"https:\/\/maelrannou.fr\/vuedefrance\/wp-json\/wp\/v2\/types\/post"}],"author":[{"embeddable":true,"href":"https:\/\/maelrannou.fr\/vuedefrance\/wp-json\/wp\/v2\/users\/2"}],"replies":[{"embeddable":true,"href":"https:\/\/maelrannou.fr\/vuedefrance\/wp-json\/wp\/v2\/comments?post=128"}],"version-history":[{"count":1,"href":"https:\/\/maelrannou.fr\/vuedefrance\/wp-json\/wp\/v2\/posts\/128\/revisions"}],"predecessor-version":[{"id":131,"href":"https:\/\/maelrannou.fr\/vuedefrance\/wp-json\/wp\/v2\/posts\/128\/revisions\/131"}],"wp:featuredmedia":[{"embeddable":true,"href":"https:\/\/maelrannou.fr\/vuedefrance\/wp-json\/wp\/v2\/media\/130"}],"wp:attachment":[{"href":"https:\/\/maelrannou.fr\/vuedefrance\/wp-json\/wp\/v2\/media?parent=128"}],"wp:term":[{"taxonomy":"category","embeddable":true,"href":"https:\/\/maelrannou.fr\/vuedefrance\/wp-json\/wp\/v2\/categories?post=128"},{"taxonomy":"post_tag","embeddable":true,"href":"https:\/\/maelrannou.fr\/vuedefrance\/wp-json\/wp\/v2\/tags?post=128"}],"curies":[{"name":"wp","href":"https:\/\/api.w.org\/{rel}","templated":true}]}}