{"id":143,"date":"2014-12-10T23:29:36","date_gmt":"2014-12-10T22:29:36","guid":{"rendered":"http:\/\/maelrannou.fr\/vuedefrance\/?p=143"},"modified":"2018-03-03T23:31:07","modified_gmt":"2018-03-03T22:31:07","slug":"histoire-le-parti-egalite","status":"publish","type":"post","link":"https:\/\/maelrannou.fr\/vuedefrance\/2014\/12\/10\/histoire-le-parti-egalite\/","title":{"rendered":"Histoire : Le Parti \u00e9galit\u00e9"},"content":{"rendered":"<p>L\u2019actualit\u00e9 n\u2019est pas pauvre en ce moment, mais entre les candidatures \u00e0 la chefferie du PQ qui continuent, l\u2019aust\u00e9rit\u00e9 toujours plus grande des lib\u00e9raux et les bilans de fin d\u2019ann\u00e9e des ministres, il y a comme une impression de redondance. L\u2019objectif de ce blog \u00e9tant de ne pas r\u00e9p\u00e9ter ce qui est dit partout, j\u2019ai eu envie de faire un bon en arri\u00e8re et de parler d\u2019Histoire. Tout comme il me semble important de jouer le jeu comparatif Qu\u00e9bec\/France dans mes analyses, il m\u2019appara\u00eet essentiel d\u2019avoir un peu de recul historique pour mieux saisir ce qui existe aujourd\u2019hui. Pour cette premi\u00e8re note historique je vais vous brosser le portrait d\u2019un parti d\u00e9funt et assez original dans son positionnement : le Parti \u00c9galit\u00e9.<\/p>\n<p><strong>Naissance du parti<\/strong><\/p>\n<p>\u00c0 la fin de la 31e l\u00e9gislature (1976-1981) il y a cinq partis repr\u00e9sent\u00e9s \u00e0 l\u2019Assembl\u00e9e Nationale (Parti Lib\u00e9ral du Qu\u00e9bec, Parti Qu\u00e9b\u00e9cois, Union Nationale, Ralliement Cr\u00e9ditiste et le Parti national populaire), les \u00e9lections de 1981 ballayeront cette diversit\u00e9 en instaurant le nouveau bipartisme PQ\/PLQ et en rayant l\u2019Union Nationale, ancien grand parti conservateur, de la carte. L\u2019\u00e9lection suivante (1985) confirmera ce bipartisme, le lib\u00e9ral Robert Bourrassa devenant premier ministre, largement majoritaire avec ses 99 d\u00e9put\u00e9s face aux 23 p\u00e9quistes formant l\u2019opposition. Autant dire que l\u2019ambiance est au PLQ triomphant.<\/p>\n<p>Seulement, le PLQ &#8211; surtout \u00e0 cette \u00e9poque &#8211; reste un parti plus \u201c\u00e0 gauche\u201d que les anciens conservateurs. Surtout, le PLQ revendique la particularit\u00e9 du Qu\u00e9bec dans le Canada et contient encore plusieurs membres r\u00e9ellement ind\u00e9pendantistes*, Bourrassa doit donc jongler entre son f\u00e9d\u00e9ralisme clair et la revendication nationale des Qu\u00e9b\u00e9cois. Il va donc n\u00e9gocier les <a href=\"https:\/\/fr.wikipedia.org\/wiki\/Accord_du_lac_Meech\">accords du Lac Meech<\/a>, qui vise \u00e0 faire adh\u00e9rer le Qu\u00e9bec \u00e0 la Constitution Canadienne en \u00e9change de plusieurs concessions comme la reconnaissance de la \u00ab Soci\u00e9t\u00e9 distincte \u00bb Qu\u00e9b\u00e9coise. Les accords \u00e9chouent mais marquent les esprits. Bourassa va aussi faire adopter la \u00a0\u00ab clause nonobstant \u00bb, qui a permet au Qu\u00e9bec d\u2019outrepasser des lois f\u00e9d\u00e9rales et de conserver l\u2019int\u00e9gralit\u00e9 de la Charte de la langue fran\u00e7aise, notamment l\u2019affichage unilingue.<\/p>\n<p>C\u2019est dans ce contexte que le Parti \u00c9galit\u00e9 est fond\u00e9 en avril 1989, quelques mois avant les \u00e9lections g\u00e9n\u00e9rale. Son nom pourrait le faire passer pour un parti de gauche**, ce qui serai une grave erreur. En effet, outre l\u2019\u00e9galit\u00e9 linguistique, le P\u00c9 d\u00e9fendra une ligne clairement conservatrice. Mais en 1989 ce sont les questions identitaires qui sont essentielles, et elles jouent \u00e0 plein, le programme du parti demande notamment :<\/p>\n<ul>\n<li>L\u2019affirmation du droit de demeurer Canadien en cas d\u2019ind\u00e9pendance du Qu\u00e9bec ;<\/li>\n<li>L\u2019obligation de consulter tous les Canadiens et non seulement les Qu\u00e9b\u00e9cois sur un \u00e9ventuel r\u00e9f\u00e9rendum de partition ;<\/li>\n<li>L\u2019abrogation de la 101 (Charte de la langue fran\u00e7aise imposant le fran\u00e7ais comme seule langue officielle) ;<\/li>\n<li>L\u2019autorisation pour tout Qu\u00e9b\u00e9cois de mettre ses enfants dans une \u00e9cole anglophone (depuis le premier gouvernement p\u00e9quiste, seuls les enfants d\u2019anglophones ont ce droit) ;<\/li>\n<li>La ratification imm\u00e9diate de la Constitution Canadienne ;<\/li>\n<li>Le rejet de la reconnaissance du Qu\u00e9bec comme \u00a0\u00ab Soci\u00e9t\u00e9 distincte \u00bb ;<\/li>\n<li>Une \u00a0\u00ab responsabilit\u00e9 fiscale \u00bb \u00a0\u00e0 tous les \u00e9chelons, ce qui pourrait se traduire par \u00a0\u00ab moins d\u2019imp\u00f4ts et moins de fonctionnaires \u00bb.<\/li>\n<\/ul>\n<p>Fort de ce programme tr\u00e8s cibl\u00e9, le P\u00c9 pr\u00e9sente dix-neuf candidats aux \u00e9lections provinciales de septembre 1989 et, \u00e0 la surprise g\u00e9n\u00e9rale, obtiennent quatre d\u00e9put\u00e9s et manquent de peu d\u2019en faire \u00e9lire cinq autres.<\/p>\n<p><strong>\u00a0Les d\u00e9put\u00e9s du Parti \u00c9galit\u00e9<\/strong><\/p>\n<p><strong><a class=\"cboxElement\" href=\"http:\/\/p4.storage.canalblog.com\/47\/60\/1174139\/100829483_o.jpg\" target=\"_blank\" rel=\"noopener\" name=\"IMG_100829483\"><img decoding=\"async\" class=\"widthoriginal nonealign\" src=\"http:\/\/p4.storage.canalblog.com\/47\/60\/1174139\/100829483.jpg\" alt=\"atkison\" border=\"0\" \/><\/a>\u00a0<a class=\"cboxElement\" href=\"http:\/\/p1.storage.canalblog.com\/13\/84\/1174139\/100829484_o.jpg\" target=\"_blank\" rel=\"noopener\" name=\"IMG_100829484\"><img decoding=\"async\" class=\"widthoriginal nonealign\" src=\"http:\/\/p1.storage.canalblog.com\/13\/84\/1174139\/100829484.jpg\" alt=\"cameron\" border=\"0\" \/><br \/>\n<\/a><\/strong>Gordon Atkinson&amp; Neil Cameron<\/p>\n<p>Si le P\u00c9 ne s\u2019attendait sans doute pas \u00e0 un tel r\u00e9sultat d\u00e8s le d\u00e9part, les terres d\u2019\u00e9lections des d\u00e9put\u00e9s restent peu surprenantes : il s\u2019agit \u00e0 chaque fois de circonscriptions montr\u00e9alaises \u00e0 tr\u00e8s forte majorit\u00e9 anglophones qui votent lib\u00e9raux sans h\u00e9siter depuis les ann\u00e9es 60 (certaines depuis toujours). Il est \u00e0 noter que \u00e7a n\u2019a pas beaucoup chang\u00e9, ainsi la circonscription D&rsquo;Arcy-McGee est encore aujourd\u2019hui le territoire le plus lib\u00e9ral du Qu\u00e9bec, le d\u00e9put\u00e9 PLQ y ayant obtenu\u2026 92,2% lors des derni\u00e8res \u00e9lections !<\/p>\n<p>Quatre d\u00e9put\u00e9s sont donc \u00e9lus :<\/p>\n<ul>\n<li><strong>Gordon Atkinson<\/strong>, ex-militaire de 67 ans devenu journaliste sur les radios anglophones, d\u00e9fait le d\u00e9put\u00e9 sortant de Notre-Dame-de-Gr\u00e2ce avec 43% des voix ;<\/li>\n<li><strong>Neil Cameron<\/strong>, professeur d\u2019histoire et chroniqueur cinquantenaire, qui s\u2019impose dans Jacques-Cartier avec lui aussi autour de 43% ;<\/li>\n<li><strong>Richard Holden<\/strong>, avocat de 58 ans qui avait d\u00e9j\u00e0 tent\u00e9 sa chance comme ind\u00e9pendant en 1962, puis comme progressiste-conservateur en 1976, et arrache la circonscription de Wesmount avec 40%, juste deux points devant le candidat lib\u00e9ral ;<\/li>\n<li><strong>Robert Libman<\/strong>, architecte et chef du parti, qui obtient plus de 57% des voix et devient, \u00e0 28 ans, un des plus jeunes d\u00e9put\u00e9s de l\u2019histoire ;<\/li>\n<\/ul>\n<p>Le P\u00c9 existe donc fortement \u00e0 l\u2019issu de ces \u00e9lection, m\u00eame s\u2019il n\u2019a pas du tout assez d\u2019\u00e9lus pour faire la balance du pouvoir. En effet, le PLQ conserve 92 si\u00e8ges et n\u2019a donc pas besoin de se pencher vers sa droite pour gouverner. Grand bien lui prend d\u2019ailleurs, le P\u00c9 explosant rapidement en vol, sans doute victime de son succ\u00e8s inattendu qui cr\u00e9\u00e9 de multiples querelles d\u2019ego minant sa cr\u00e9dibilit\u00e9.<\/p>\n<p>Cela commence en octobre 1991 ou Richard Holden est exclu pour avoir enfreint la discipline du parti. En fait, il d\u00e9fendait ardemment les accords du Lac Meech, contre lesquels le parti s\u2019\u00e9tait en partie cr\u00e9\u00e9 ! Si\u00e9geant comme ind\u00e9pendant, il rejoint le Parti Qu\u00e9b\u00e9cois en ao\u00fbt 1992. Un choix pour le moins incongru, qui le brouillera avec sa famille et qui sera \u00e9videmment rejet\u00e9 par la plupart des \u00e9lecteurs. Il est \u00e0 noter que divers t\u00e9moignages indiquent qu\u2019il avait auparavant voulu rejoindre les lib\u00e9raux.<\/p>\n<p>Neil Cameron d\u00e9pose bien le projet de loi 199, qui vise \u00e0 faire de l&rsquo;anglais et du fran\u00e7ais les deux langues officielles dans la province, en 1993, mais les combats internes rendent l\u2019action inaudible. La violence est telle que Robert Libman &#8211; pourtant chef du parti ! -, le quitte en d\u00e9cembre 1993 pour si\u00e9ger comme ind\u00e9pendant. En mars 1994 c\u2019est Gordon Atkinson qui quitte le navire, laissant Cameron seul pour terminer la mandature.<\/p>\n<p><strong>L\u2019\u00e9lection de 1994 et l\u2019avenir des \u00e9lus<\/strong><\/p>\n<p><img decoding=\"async\" class=\"widthoriginal nonealign\" src=\"http:\/\/p3.storage.canalblog.com\/30\/43\/1174139\/100829485.jpg\" alt=\"holden\" border=\"0\" \/>\u00a0<img decoding=\"async\" class=\"widthoriginal nonealign\" src=\"http:\/\/p8.storage.canalblog.com\/81\/10\/1174139\/100829486.jpg\" alt=\"libman\" border=\"0\" \/><br \/>\nRichard Holden &amp; Robert Libman<\/p>\n<p>Les \u00e9lections de septembre 1994 sont cuisantes pour les sortants comme pour le parti qui passe de plus de 125 700 voix \u00e0 \u00e0 peine plus de 11 500. Pour ce qui est des quatre d\u00e9put\u00e9s du P\u00c9, tous virent leur carri\u00e8re politique s\u2019arr\u00eater brutalement lors des \u00e9lections de 1994.<\/p>\n<p>Richard Holden se pr\u00e9sente pour le PQ dans Verdun (sa circonscription avait en effet chang\u00e9 de contours) et est largement battu par le sortant lib\u00e9ral. Il est cependant nomm\u00e9 \u00e0 un poste de haut fonctionnaire \u00e0 la R\u00e9gie du logement par le gouvernement p\u00e9quiste. Souffrant de douleurs insupportables aux dos, il se suicide en 2005 \u00e0 l\u2019\u00e2ge de 74 ans.<\/p>\n<p>Gordon Atkiston se repr\u00e9sente dans sa circonscription comme ind\u00e9pendant\u00a0mais n\u2019obtient que 5,4% contre 73% au candidat lib\u00e9ral. Neil Cameron, seul rest\u00e9 fid\u00e8le au P\u00c9, n&rsquo;en tire pas vraiment b\u00e9n\u00e9fice puisqu\u2019il obtient 6,15%, devanc\u00e9 par le PQ et un lib\u00e9ral caracolant en t\u00eate avec 83,6% des suffrages. Aucun des deux ne refera le saut en politique. Atkiston, doyen du groupe, d\u00e9c\u00e8de d\u00e9but 2006 \u00e0 83 ans tandis que Neil Cameron continue une carri\u00e8re de journaliste et chroniqueur &#8211; exclusivement dans les m\u00e9dias anglophones bien s\u00fbr &#8211; et a m\u00eame <a href=\"http:\/\/neilcameron.ca\/\">un site sur lequel il publie r\u00e9guli\u00e8rement recherches et opinions<\/a>.<\/p>\n<p>Robert Libman est un cas \u00e0 part car, malgr\u00e9 sa d\u00e9faite honorable comme candidat ind\u00e9pendant &#8211; un peu plus de 30% des voix -, il contine une carri\u00e8re politique. Une chose pas si \u00e9tonnante si l\u2019on se rappelle qu\u2019en 1994 il n\u2019a que 33 ans. S\u2019il n\u2019a jamais \u00e9t\u00e9 \u00e0 nouveau candidat \u00e0 un poste provincial, il est maire de la commune de C\u00f4te-Saint-Luc de 1998 \u00e0 2001, date de sa fusion avec la ville de Montr\u00e9al. Il devient alors maire de l\u2019arrondissement de C\u00f4te-Saint-Luc\u2013Hampstead\u2013Montr\u00e9al Ouest et, \u00e0 ce titre, membre du bureau \u00e9x\u00e9cutif de la ville jusqu\u2019en 2005. Intervenant de temps \u00e0 autres dans le d\u00e9bat public il appelle notamment \u00e0 voter pour la CAQ en 2012 et est actuellement candidat \u00e0 l\u2019investiture pour le parti conservateur dans la circonscription de Mont-Royal en vue des \u00e9lections f\u00e9d\u00e9rales de 2015 .<\/p>\n<p><strong>Quelle influence apr\u00e8s le d\u00e9clin ?<\/strong><\/p>\n<p>Bien que pr\u00e9sentant par la suite plus d\u2019une vingtaine de candidats, le P\u00c9 ne r\u00e9ussira jamais \u00e0 faire r\u00e9\u00e9lire un d\u00e9put\u00e9. Tous sont largement battus et en 2003 le parti r\u00e9colte \u00e0 peine plus de 4000 voix pour 21 candidats. Continuant d\u2019\u00eatre enregistr\u00e9 au pr\u00e8s DGEQ pendant plusieurs ann\u00e9es, le parti perd finalement sa reconnaissance officielle en 2012.<\/p>\n<p>Le P\u00c9 n\u2019aura donc \u00e9t\u00e9 qu\u2019un feu de paille, typique incarnation de ce que peut-\u00eatre la politique qu\u00e9b\u00e9coise, tr\u00e8s prompte \u00e0 renverser la table sans que cela s\u2019inscrive r\u00e9ellement dans le temps, le passage de l\u2019ADQ en opposition officielle en 2007 en est un autre exemple\u2026 Peu influent, le P\u00c9 voit pourtant aujourd\u2019hui ses id\u00e9es assez port\u00e9es par des lib\u00e9raux devenus clairement anti-ind\u00e9pendance, voulant r\u00e9ouvrir le dossier constitutionnel et dont le premier ministre n\u2019h\u00e9site plus \u00e0 ne parler qu\u2019anglais quand il est \u00e0 l\u2019\u00e9tranger\u2026 On en viendrait presque \u00e0 regarder Bourassa avec nostalgie.<\/p>\n<p><code>*\u00a0En 1994 Mario Dumont quitte le PLQ pour cr\u00e9er l\u2019ADQ, un mouvement autonomiste qui fait campagne pour le oui lors du r\u00e9f\u00e9rendum.<br \/>\n**\u00a0Un ami qu\u00e9b\u00e9cois peu impliqu\u00e9 en politique m\u2019a avou\u00e9 avoir vot\u00e9 pour eux parce que l\u2019\u00e9galit\u00e9 lui semblait un bon concept.<\/code><\/p>\n<p><strong>Pour aller plus loin :<br \/>\n<\/strong>&#8211; <a href=\"http:\/\/web.archive.org\/web\/20050306010247\/http:\/\/www.equality.qc.ca\/index.html\">Site (conserv\u00e9 en cache) du Parti \u00e9galit\u00e9<\/a><br \/>\n&#8211; <a href=\"http:\/\/montreal.ctvnews.ca\/25-years-later-remembering-the-equality-party-s-stunning-election-1.2022855\">Article de CTV Montr\u00e9al sur les 25 ans du Parti \u00e9galit\u00e9<\/a><\/p>\n<p><code>Cr\u00e9dit photo : Assembl\u00e9e nationale du Qu\u00e9bec.<\/code><\/p>\n","protected":false},"excerpt":{"rendered":"<p>L\u2019actualit\u00e9 n\u2019est pas pauvre en ce moment, mais entre les candidatures \u00e0 la chefferie du PQ qui continuent, l\u2019aust\u00e9rit\u00e9 toujours plus grande des lib\u00e9raux et les bilans de fin d\u2019ann\u00e9e des ministres, il y a comme une impression de redondance. L\u2019objectif de ce blog \u00e9tant de ne pas r\u00e9p\u00e9ter ce qui est dit partout, j\u2019ai &hellip; <\/p>\n<p class=\"link-more\"><a href=\"https:\/\/maelrannou.fr\/vuedefrance\/2014\/12\/10\/histoire-le-parti-egalite\/\" class=\"more-link\">Continuer la lecture<span class=\"screen-reader-text\"> de &laquo;&nbsp;Histoire : Le Parti \u00e9galit\u00e9&nbsp;&raquo;<\/span><\/a><\/p>\n","protected":false},"author":2,"featured_media":139,"comment_status":"open","ping_status":"open","sticky":false,"template":"","format":"standard","meta":{"footnotes":""},"categories":[176],"tags":[177,178,179,180,181,182,183,184,185,186,100,97,187,188],"class_list":["post-143","post","type-post","status-publish","format-standard","has-post-thumbnail","hentry","category-histoire-politique","tag-anglophones","tag-anglos","tag-assemblee-nationale","tag-bourassa","tag-gordon-atkinson","tag-histoire","tag-lac-meech","tag-montreal","tag-neil-cameron","tag-parti-egalite","tag-parti-liberal-du-quebec","tag-politique","tag-richard-holden","tag-robert-libman"],"_links":{"self":[{"href":"https:\/\/maelrannou.fr\/vuedefrance\/wp-json\/wp\/v2\/posts\/143","targetHints":{"allow":["GET"]}}],"collection":[{"href":"https:\/\/maelrannou.fr\/vuedefrance\/wp-json\/wp\/v2\/posts"}],"about":[{"href":"https:\/\/maelrannou.fr\/vuedefrance\/wp-json\/wp\/v2\/types\/post"}],"author":[{"embeddable":true,"href":"https:\/\/maelrannou.fr\/vuedefrance\/wp-json\/wp\/v2\/users\/2"}],"replies":[{"embeddable":true,"href":"https:\/\/maelrannou.fr\/vuedefrance\/wp-json\/wp\/v2\/comments?post=143"}],"version-history":[{"count":1,"href":"https:\/\/maelrannou.fr\/vuedefrance\/wp-json\/wp\/v2\/posts\/143\/revisions"}],"predecessor-version":[{"id":144,"href":"https:\/\/maelrannou.fr\/vuedefrance\/wp-json\/wp\/v2\/posts\/143\/revisions\/144"}],"wp:featuredmedia":[{"embeddable":true,"href":"https:\/\/maelrannou.fr\/vuedefrance\/wp-json\/wp\/v2\/media\/139"}],"wp:attachment":[{"href":"https:\/\/maelrannou.fr\/vuedefrance\/wp-json\/wp\/v2\/media?parent=143"}],"wp:term":[{"taxonomy":"category","embeddable":true,"href":"https:\/\/maelrannou.fr\/vuedefrance\/wp-json\/wp\/v2\/categories?post=143"},{"taxonomy":"post_tag","embeddable":true,"href":"https:\/\/maelrannou.fr\/vuedefrance\/wp-json\/wp\/v2\/tags?post=143"}],"curies":[{"name":"wp","href":"https:\/\/api.w.org\/{rel}","templated":true}]}}