{"id":145,"date":"2014-04-11T23:31:25","date_gmt":"2014-04-11T21:31:25","guid":{"rendered":"http:\/\/maelrannou.fr\/vuedefrance\/?p=145"},"modified":"2018-03-03T23:35:41","modified_gmt":"2018-03-03T22:35:41","slug":"focus-premieres-nations-petit-guide-du-plan-nord-de-michel-hellman","status":"publish","type":"post","link":"https:\/\/maelrannou.fr\/vuedefrance\/2014\/04\/11\/focus-premieres-nations-petit-guide-du-plan-nord-de-michel-hellman\/","title":{"rendered":"FOCUS Premi\u00e8res Nations : Petit guide du Plan Nord, de Michel Hellman"},"content":{"rendered":"<p>En 2010, Michel Hellman r\u00e9alisait avec\u00a0<em>Iceberg<\/em><a href=\"http:\/\/vuedefrance.canalblog.com\/archives\/2014\/02\/26\/29314168.html#sdfootnote1sym\" name=\"sdfootnote1anc\"><sup>1<\/sup><\/a>\u00a0un premier ouvrage remarqu\u00e9. Muet, le r\u00e9cit utilisait une technique de papier d\u00e9coup\u00e9 pour rendre \u00e0 merveille les paysages du Grand Nord canadien et rappelait avec beaucoup de sobri\u00e9t\u00e9 un drame \u00e9cologique qui avait eu lieu sur la banquise en janvier 1968 et avait \u00e9t\u00e9 \u00e9touff\u00e9, pour le plus grand malheur des premi\u00e8res nations. <a href=\"http:\/\/www.du9.org\/entretien\/michel-hellman\" target=\"_blank\" rel=\"noopener\">Dans un entretien<\/a>, l\u2019auteur expliquait avoir \u00e9t\u00e9 marqu\u00e9 par un voyage dans ces territoires oubli\u00e9s, souvent m\u00e9pris\u00e9s, et avoir voulu raconter cette \u00ab\u00a0derni\u00e8re fronti\u00e8re\u00a0\u00bb si m\u00e9connue du peuple qu\u00e9b\u00e9cois, alors m\u00eame qu\u2019elle fonde une partie de leur identit\u00e9.<\/p>\n<p>Si\u00a0<em>Iceberg<\/em>\u00a0a \u00e9t\u00e9 salu\u00e9 comme une grande r\u00e9ussite, l\u2019auteur n\u2019y avait cependant pas tout dit. Quittant l\u2019\u00e9vocation historique, il consacre donc un nouveau livre sur cet Arctique m\u00e9connu. Ne vous attendez pourtant pas \u00e0 un guide, le titre ment, et d\u00e8s l\u2019introduction l\u2019auteur s\u2019explique\u00a0\u00a0:\u00a0<em>\u00abCe guide est autant un guide que le Plan Nord est un plan\u00bb<\/em>. Le Plan Nord, c\u2019est un programme d\u2019investissement du Grand Nord lanc\u00e9 par le Parti Lib\u00e9ral du Qu\u00e9bec voici quelques ann\u00e9es. D\u00e9nonc\u00e9 pour ses aspects d\u00e9vastateurs, autant \u00e9cologiques que culturels, il avait plus l\u2019air d\u2019une nouvelle exploitation sur le dos des autochtones que d\u2019un r\u00e9el programme. Rebaptis\u00e9 \u00abLe Nord pour tous\u00bb par le nouveau gouvernement, le fond n\u2019a gu\u00e8re chang\u00e9 et\u00a0<a href=\"http:\/\/www.lapresse.ca\/actualites\/politique\/politique-quebecoise\/201402\/22\/01-4741527-developpement-du-nord-front-commun-historique-des-innus.php?utm_categorieinterne=trafficdrivers&amp;utm_contenuinterne=cyberpresse_meme_auteur_4742494_article_POS5\" target=\"_blank\" rel=\"noopener\">unit pour la premi\u00e8re fois les neufs communaut\u00e9s Innues<\/a>&#8230;<\/p>\n<p><a class=\"cboxElement\" href=\"http:\/\/p9.storage.canalblog.com\/99\/67\/1174139\/94152881_o.jpg\" target=\"_blank\" rel=\"noopener\" name=\"IMG_94152881\"><img decoding=\"async\" class=\"widthoriginal nonealign\" src=\"http:\/\/p9.storage.canalblog.com\/99\/67\/1174139\/94152881.jpg\" alt=\"Page232\" border=\"0\" \/><\/a><\/p>\n<p>Pass\u00e9 la pr\u00e9face, une fois les choses pos\u00e9es, Hellman laisse la place aux images. Pas forc\u00e9ment besoin de grands discours pour faire de la politique. Uniquement compos\u00e9 d\u2019images pleine page, le guide glisse de l\u2019une \u00e0 l\u2019autre, ne cr\u00e9e pas de r\u00e9cit mais un flux narratif \u00e9vident, qui d\u00e9gage aussit\u00f4t le livre du simple empilage d\u2019illustrations.<\/p>\n<p>D\u00e9butant dans la nature vierge, on avance peu \u00e0 peu vers l\u2019humain, aussi peu pr\u00e9sent dans le livre que dans ces territoires. Pr\u00e9sent physiquement en tous cas, car certains stigmates sont l\u00e0\u00a0: cicatrices sillonnant les grands espaces, des poteaux \u00e9lectriques pr\u00e9figurent d\u2019autres d\u00e9chirures. La pollution, le peu d\u2019int\u00e9r\u00eat port\u00e9 aux peuples derri\u00e8re les ressources, tout cela glisse de m\u00eame, ressort et s\u2019\u00e9voque \u00e0 demi-mot.<\/p>\n<p>Comme dans\u00a0<em>Iceberg<\/em>, l\u2019aspect graphique est la clef, autant pour sa force visuelle que dans ce qu\u2019il incarne le propos. Il n\u2019y a plus ici de papiers d\u00e9coup\u00e9s, m\u00eame si la technique reste proche, mais des sacs de plastique noirs, ces symboles des d\u00e9chets que l\u2019on retrouve un peu partout, et qui ont marqu\u00e9 l\u2019auteur dans ses voyages. S\u2019il ne les a pas ramass\u00e9s au sol, ils proviennent des r\u00e9serves Innues, celles qui seront pr\u00e9cis\u00e9ment impact\u00e9es par ce Plan, et de cette mati\u00e8re la plus \u00absale\u00bb qui soit, il fait sortir la beaut\u00e9.<\/p>\n<p><img decoding=\"async\" class=\"widthoriginal nonealign\" src=\"http:\/\/p2.storage.canalblog.com\/21\/36\/1174139\/94152887.jpg\" alt=\"Page292\" border=\"0\" \/><\/p>\n<p><a href=\"http:\/\/vuedefrance.canalblog.com\/archives\/2014\/02\/26\/29314168.html#sdfootnote2sym\" name=\"sdfootnote2anc\"><\/a><\/p>\n<p>De son plastique \u00e9vid\u00e9 et coll\u00e9 sur papier, il fait na\u00eetre la banquise, cr\u00e9\u00e9 des arbres aux branches fascinantes et plante un d\u00e9cor en contraste fort o\u00f9 tout semble en apesanteur. Ce n\u2019est finalement qu\u2019\u00e0 la premi\u00e8re entr\u00e9e de l\u2019humain dans le livre qu\u2019un lavis vient s\u2019ajouter, rompant la puret\u00e9 et l\u2019\u00e9quilibre du dessin. Le salissant finalement, comme une tr\u00e8s limpide m\u00e9taphore de projets qui n\u2019ont que bien rarement les belles paroles qui les guident comme r\u00e9el projet.<a href=\"http:\/\/vuedefrance.canalblog.com\/archives\/2014\/02\/26\/29314168.html#sdfootnote2sym\" name=\"sdfootnote2anc\"><\/a><\/p>\n<p>Un propos simpliste\u00a0? Oui et non, car si la question autochtone est complexe, le pillage des ressources l\u2019est beaucoup moins. En dressant le portrait de ces terres au-del\u00e0 du 49e\u00a0parall\u00e8le, Hellman \u00e9voque bien s\u00fbr la destruction perp\u00e9tuelle de ces territoires et de ces peuples, mais en rappelle surtout la beaut\u00e9 et la richesse. Sans morale lourde, il pose un regard, une contribution pour \u00e9viter d\u2019avoir \u00e0 hurler, avec la po\u00e9tesse Huguette Gaulin, \u00ab Vous avez tu\u00e9 la beaut\u00e9 du monde \u00bb<a href=\"http:\/\/vuedefrance.canalblog.com\/archives\/2014\/02\/26\/29314168.html#sdfootnote2sym\" name=\"sdfootnote2anc\"><sup>2<\/sup><\/a>.<\/p>\n<p><img decoding=\"async\" class=\"widthoriginal nonealign\" src=\"http:\/\/p3.storage.canalblog.com\/38\/13\/1174139\/94152894.jpg\" alt=\"Page322\" border=\"0\" \/><\/p>\n<p><strong><em>Petit guide du Plan Nord<\/em>,<\/strong><strong><br \/>\n<\/strong>de Michel Hellman<strong><br \/>\n<\/strong>Ed. l&rsquo;Oie de Cravan<br \/>\nParution FR 15\/03\/2014<br \/>\n174 x 160 mm, 48 pages, 13\u20ac<br \/>\n9782922399776<\/p>\n<p><code>Dans le cadre d'un partenariat avec le site <a href=\"http:\/\/www.du9.org\/\" target=\"_blank\" rel=\"noopener\">Du9<\/a>, cette chronique y sera bient\u00f4t publi\u00e9e.<br \/>\n1.\u00a0Publi\u00e9 chez Colosse, le titre est d\u00e9sormais <a href=\"http:\/\/www.electrocomics.com\/ebooks_engl\/michel.htm\" target=\"_blank\" rel=\"noopener\">t\u00e9l\u00e9chargeable gratuitement chez electrocomics<\/a>.<br \/>\n2.\u00a0Auteure de <em>Lecture en v\u00e9locip\u00e8de<\/em> (Les Herbes Rouges, 1972), ouvrage marquant de la po\u00e9sie qu\u00e9b\u00e9coise, elle s'immola en juin 72 face au Parlement qu\u00e9b\u00e9cois afin d'alerter sur le d\u00e9sastre \u00e9cologique. Depuis, les choses \u00e9voluent lentement dans \u00e0 pays riche en ressources qui a r\u00e9cemment quitt\u00e9 le Protocole de Kyoto...<\/code><\/p>\n","protected":false},"excerpt":{"rendered":"<p>En 2010, Michel Hellman r\u00e9alisait avec\u00a0Iceberg1\u00a0un premier ouvrage remarqu\u00e9. Muet, le r\u00e9cit utilisait une technique de papier d\u00e9coup\u00e9 pour rendre \u00e0 merveille les paysages du Grand Nord canadien et rappelait avec beaucoup de sobri\u00e9t\u00e9 un drame \u00e9cologique qui avait eu lieu sur la banquise en janvier 1968 et avait \u00e9t\u00e9 \u00e9touff\u00e9, pour le plus grand &hellip; <\/p>\n<p class=\"link-more\"><a href=\"https:\/\/maelrannou.fr\/vuedefrance\/2014\/04\/11\/focus-premieres-nations-petit-guide-du-plan-nord-de-michel-hellman\/\" class=\"more-link\">Continuer la lecture<span class=\"screen-reader-text\"> de &laquo;&nbsp;FOCUS Premi\u00e8res Nations : Petit guide du Plan Nord, de Michel Hellman&nbsp;&raquo;<\/span><\/a><\/p>\n","protected":false},"author":2,"featured_media":146,"comment_status":"open","ping_status":"open","sticky":false,"template":"","format":"standard","meta":{"footnotes":""},"categories":[15],"tags":[127,19,189,98,129,190,133,191],"class_list":["post-145","post","type-post","status-publish","format-standard","has-post-thumbnail","hentry","category-notew-de-lecture","tag-autochtones","tag-bd","tag-dessin","tag-ecologie","tag-innus","tag-oie-de-cravan","tag-premieres-nations","tag-ressources-naturelles"],"_links":{"self":[{"href":"https:\/\/maelrannou.fr\/vuedefrance\/wp-json\/wp\/v2\/posts\/145","targetHints":{"allow":["GET"]}}],"collection":[{"href":"https:\/\/maelrannou.fr\/vuedefrance\/wp-json\/wp\/v2\/posts"}],"about":[{"href":"https:\/\/maelrannou.fr\/vuedefrance\/wp-json\/wp\/v2\/types\/post"}],"author":[{"embeddable":true,"href":"https:\/\/maelrannou.fr\/vuedefrance\/wp-json\/wp\/v2\/users\/2"}],"replies":[{"embeddable":true,"href":"https:\/\/maelrannou.fr\/vuedefrance\/wp-json\/wp\/v2\/comments?post=145"}],"version-history":[{"count":1,"href":"https:\/\/maelrannou.fr\/vuedefrance\/wp-json\/wp\/v2\/posts\/145\/revisions"}],"predecessor-version":[{"id":147,"href":"https:\/\/maelrannou.fr\/vuedefrance\/wp-json\/wp\/v2\/posts\/145\/revisions\/147"}],"wp:featuredmedia":[{"embeddable":true,"href":"https:\/\/maelrannou.fr\/vuedefrance\/wp-json\/wp\/v2\/media\/146"}],"wp:attachment":[{"href":"https:\/\/maelrannou.fr\/vuedefrance\/wp-json\/wp\/v2\/media?parent=145"}],"wp:term":[{"taxonomy":"category","embeddable":true,"href":"https:\/\/maelrannou.fr\/vuedefrance\/wp-json\/wp\/v2\/categories?post=145"},{"taxonomy":"post_tag","embeddable":true,"href":"https:\/\/maelrannou.fr\/vuedefrance\/wp-json\/wp\/v2\/tags?post=145"}],"curies":[{"name":"wp","href":"https:\/\/api.w.org\/{rel}","templated":true}]}}