{"id":195,"date":"2018-08-28T22:58:10","date_gmt":"2018-08-28T20:58:10","guid":{"rendered":"http:\/\/maelrannou.fr\/vuedefrance\/?p=195"},"modified":"2018-08-28T22:58:10","modified_gmt":"2018-08-28T20:58:10","slug":"parite-en-politique","status":"publish","type":"post","link":"https:\/\/maelrannou.fr\/vuedefrance\/2018\/08\/28\/parite-en-politique\/","title":{"rendered":"Parit\u00e9 en politique"},"content":{"rendered":"<p>L&rsquo;arriv\u00e9e de Justin Trudeau au pouvoir aura \u00e9t\u00e9 marqu\u00e9e par sa r\u00e9ponse \u00e0 la question du gouvernement paritaire: \u00abParce qu&rsquo;on est en 2015\u00bb. Nous sommes d\u00e9sormais en 2018, et les d\u00e9bats sur la parit\u00e9 restent tr\u00e8s pr\u00e9sents dans les campagnes \u00e9lectorales au Canada, notamment l&rsquo;\u00e9lection qu\u00e9b\u00e9coise.<\/p>\n<p>Il n&rsquo;existe aucune loi sur la parit\u00e9 au Qu\u00e9bec, ni punitive ni incitative. <a href=\"http:\/\/www.assnat.qc.ca\/fr\/patrimoine\/femmes1.html\" target=\"_blank\" rel=\"nofollow noopener\" data-rapid-elm=\"context_link\" data-ylk=\"elm:context_link\" data-rapid-sec=\"{&quot;entry-text&quot;:&quot;entry-text&quot;}\" data-rapid_p=\"1\" data-v9y=\"1\">C&rsquo;est en 2012 qu&rsquo;il y a eu le plus de femmes \u00e0 l&rsquo;Assembl\u00e9e nationale<\/a>, 41 sur 125, soit 32,8% (et pour la premi\u00e8re fois, une premi\u00e8re ministre). Un taux en progr\u00e8s si on le compare \u00e0 la d\u00e9cennie pr\u00e9c\u00e9dente, mais loin d&rsquo;une repr\u00e9sentation r\u00e9aliste de la population, donc. Un seul parti s&rsquo;\u00e9tait d&rsquo;ailleurs astreint \u00e0 la parit\u00e9, Qu\u00e9bec solidaire, qui n&rsquo;obtenait que trois \u00e9lus (dont deux femmes).<\/p>\n<p>La France a depuis 2000 une loi stricte sur la parit\u00e9. Pour les scrutins de liste, les deux genres doivent syst\u00e9matiquement s&rsquo;alterner, pour les \u00e9lections de d\u00e9put\u00e9s les partis doivent pr\u00e9senter 50% de femmes et d&rsquo;hommes, avec une marge de 2% d&rsquo;\u00e9cart. Ceux qui ne le font pas re\u00e7oivent alors une amende, mais soustraite de leur financement public (les partis qui ne d\u00e9crochent pas cette timbale en sont donc exempt\u00e9s). Le syst\u00e8me est efficace, mais pas d\u00e9nu\u00e9 d&rsquo;effets pervers: ainsi l&rsquo;UMP au pouvoir durant des ann\u00e9es, et tr\u00e8s richement dot\u00e9, <a href=\"http:\/\/www.leparisien.fr\/elections\/legislatives\/non-respect-de-la-parite-ce-que-cela-coute-aux-partis-08-03-2017-6743481.php\" target=\"_blank\" rel=\"nofollow noopener\" data-rapid-elm=\"context_link\" data-ylk=\"elm:context_link\" data-rapid-sec=\"{&quot;entry-text&quot;:&quot;entry-text&quot;}\" data-rapid_p=\"4\" data-v9y=\"1\">pr\u00e9f\u00e9rait se passer de 25 millions d&rsquo;euros de dotation pour pouvoir n&rsquo;investir que 25% de femmes<\/a>! Autre cons\u00e9quence, inattendue, quelques rares partis ont \u00e9t\u00e9 sanctionn\u00e9s pour avoir pr\u00e9sent\u00e9&#8230; trop de femmes.<\/p>\n<p>Au Qu\u00e9bec, on parle plut\u00f4t \u00ab zone de parit\u00e9 \u00bb, qui se situe \u00e0 plus de 40% de femmes, zone que tous les partis se sont engag\u00e9s \u00e0 respecter. <em>Le Devoir<\/em> a suivi cette promesse en instaurant une \u00ab <a href=\"https:\/\/www.ledevoir.com\/politique\/quebec\/534914\/vigie-parite-18e-mise-a-jour-47-4-de-candidates\" target=\"_blank\" rel=\"nofollow noopener\" data-rapid-elm=\"context_link\" data-ylk=\"elm:context_link\" data-rapid-sec=\"{&quot;entry-text&quot;:&quot;entry-text&quot;}\" data-rapid_p=\"6\" data-v9y=\"1\">vigie parit\u00e9\u00a0<\/a>\u00bb permettant de voir que les quatre partis principaux avaient investi 47,4% de femmes, les deux partis principaux \u00e9tant \u00e0 la tra\u00eene. Une raison est factuelle: plus on a de sortants, plus il y a de chances d&rsquo;avoir un d\u00e9put\u00e9 qui se repr\u00e9sente et on ne peut donc pas investir de femmes.<\/p>\n<p>Le probl\u00e8me est courant pour les vieux partis, qui ont souvent profit\u00e9 des partielles pour remplacer leurs sortants par des candidates \u2013 ce qui explique que le nombre d&rsquo;\u00e9lues soit plus grand \u00e0 la dissolution qu&rsquo;apr\u00e8s l&rsquo;\u00e9lection. De fait, le PQ et le PLQ sont \u00e0 la tra\u00eene de la \u00abvigie\u00bb du <em>Devoir<\/em> quand la CAQ et QS sont au-dessus de 50% de candidates investies \u00e0 ce jour, <a href=\"http:\/\/www.lapresse.ca\/actualites\/elections-quebec-2018\/201808\/25\/01-5194261-la-caq-aura-plus-delus-que-le-pq-a-montreal-promet-legault.php\" target=\"_blank\" rel=\"nofollow noopener\" data-rapid-elm=\"context_link\" data-ylk=\"elm:context_link\" data-rapid-sec=\"{&quot;entry-text&quot;:&quot;entry-text&quot;}\" data-rapid_p=\"7\" data-v9y=\"1\">la CAQ ayant affirm\u00e9 r\u00e9cemment qu&rsquo;elle conserverait cette majorit\u00e9 de femmes<\/a>.<\/p>\n<p>En France il est tr\u00e8s courant de voir des partis pr\u00e9sentant une zone paritaire faire \u00e9lire un grand nombre d&rsquo;hommes. La raison? Les femmes ont plus facilement des circonscriptions non gagnables, ou difficilement. J&rsquo;ai vu le m\u00eame probl\u00e8me soulev\u00e9 au Qu\u00e9bec \u00e0 un endroit o\u00f9 l&rsquo;on ne l&rsquo;attendrait pas forc\u00e9ment.<\/p>\n<figure id=\"attachment_197\" aria-describedby=\"caption-attachment-197\" style=\"width: 1000px\" class=\"wp-caption aligncenter\"><img loading=\"lazy\" decoding=\"async\" class=\"size-full wp-image-197\" src=\"https:\/\/maelrannou.fr\/vuedefrance\/wp-content\/uploads\/sites\/2\/2018\/08\/fonte.jpg\" alt=\"\" width=\"1000\" height=\"760\" srcset=\"https:\/\/maelrannou.fr\/vuedefrance\/wp-content\/uploads\/sites\/2\/2018\/08\/fonte.jpg 1000w, https:\/\/maelrannou.fr\/vuedefrance\/wp-content\/uploads\/sites\/2\/2018\/08\/fonte-300x228.jpg 300w, https:\/\/maelrannou.fr\/vuedefrance\/wp-content\/uploads\/sites\/2\/2018\/08\/fonte-768x584.jpg 768w\" sizes=\"auto, (max-width: 767px) 89vw, (max-width: 1000px) 54vw, (max-width: 1071px) 543px, 580px\" \/><figcaption id=\"caption-attachment-197\" class=\"wp-caption-text\">Manon Mass\u00e9 et Andr\u00e9s Fontecilla le soir de sa d\u00e9signation (<a href=\"https:\/\/www.facebook.com\/QS.ManonMasse\/photos\/a.338116212939003\/1623918644358747\/?type=3&amp;theater\">Facebook de Manon Mass\u00e9<\/a>).<\/figcaption><\/figure>\n<p>J&rsquo;ai assist\u00e9 \u00e0 l&rsquo;investiture de Qu\u00e9bec solidaire dans Laurier-Dorion, \u00e0 l&rsquo;issue de laquelle Andr\u00e9s Fontecilla a \u00e9t\u00e9 d\u00e9sign\u00e9 candidat face \u00e0 deux candidates. Manon Mass\u00e9, qui assistait \u00e0 l&rsquo;investiture, a \u00e9t\u00e9 interpell\u00e9e sur un point: on savait qu&rsquo;il existait trois circonscriptions s\u00fbres \u00e0 QS (Mercier, Gouin, Sainte-Marie\u2013Saint Jacques), les deux plus susceptibles de basculer \u00e9tant Hochelaga-Maisonneuve et Laurier-Dorion. La premi\u00e8re avait d\u00e9j\u00e0 choisi Alexandre Leduc, et Amir Khadir n&rsquo;avait pas encore fait conna\u00eetre son retrait.<\/p>\n<p>Si ces cinq si\u00e8ges \u00e9taient bien remport\u00e9s par QS on pourrait se retrouver avec cinq d\u00e9put\u00e9s et une d\u00e9put\u00e9e, alors m\u00eame que le parti a \u00e9t\u00e9 fond\u00e9 par la fusion d&rsquo;un parti de gauche et d&rsquo;une grande plateforme f\u00e9ministe, <a href=\"https:\/\/ici.radio-canada.ca\/nouvelle\/1099938\/loi-parite-quebec-solidaire-position-assemblee-nationale-deputes-partis\" target=\"_blank\" rel=\"nofollow noopener\" data-rapid-elm=\"context_link\" data-ylk=\"elm:context_link\" data-rapid-sec=\"{&quot;entry-text&quot;:&quot;entry-text&quot;}\" data-rapid_p=\"9\" data-v9y=\"1\">qu&rsquo;il d\u00e9fend l&rsquo;inscription de la parit\u00e9 dans la loi<\/a> et qu&rsquo;il pr\u00e9sente Manon Mass\u00e9 comme cheffe!<\/p>\n<p>Manon avait r\u00e9pondu avec sinc\u00e9rit\u00e9 que le probl\u00e8me \u00e9tait l\u00e0, mais que le choix d\u00e9mocratique des militants ne pouvait pas \u00eatre balay\u00e9 d&rsquo;un revers de la main. Depuis, Ruba Ghazal a \u00e9t\u00e9 investie dans Mercier, mais une nouvelle circonscription gagnable, Rosemont, a \u00e9t\u00e9 attribu\u00e9e \u00e0 un homme (le candidat vedette Vincent Marissal), laissant imaginer un possible caucus aux deux tiers masculins. Il y a bien une tr\u00e8s belle candidature f\u00e9minine dans Taschereau (Catherine Dorion), mais si la course est serr\u00e9e, QS ne part quand m\u00eame pas favori.<\/p>\n<p>Il est certain qu&rsquo;il est plus facile d&rsquo;assurer la parit\u00e9 d&rsquo;autorit\u00e9, c&rsquo;est ce qui explique que la CAQ, pourtant assez conservatrice, y arrive. Fran\u00e7ois Legault choisissant les candidats dans son bureau, il peut veiller \u00e0 cet \u00e9quilibre et a ainsi rattrap\u00e9 le retard de la CAQ en la mati\u00e8re. Il est cependant possible d&rsquo;allier parit\u00e9 sur les candidatures gagnables et d\u00e9mocratie interne.<\/p>\n<p>C&rsquo;est une des bonnes choses que j&rsquo;ai pu observer dans mon parti, les verts fran\u00e7ais: dans les investitures, femmes et hommes sont dans deux coll\u00e8ges s\u00e9par\u00e9s et les si\u00e8ges identifi\u00e9s comme gagnables voient leurs militants investir un homme et une femme. C&rsquo;est ensuite que le Conseil national tranche entre les deux, afin d&rsquo;assurer \u00e9galement une parit\u00e9 des \u00e9lus. Europe \u00c9cologie \u2013 Les Verts est un petit parti, qui a peu de d\u00e9put\u00e9s, il n&#8217;emp\u00eache qu&rsquo;en 2012 quand il obtint un groupe parlementaire pour la premi\u00e8re fois, <a href=\"https:\/\/eelv.fr\/un-groupe-parlementaire-ecologiste-et-paritaire\" target=\"_blank\" rel=\"nofollow noopener\" data-rapid-elm=\"context_link\" data-ylk=\"elm:context_link\" data-rapid-sec=\"{&quot;entry-text&quot;:&quot;entry-text&quot;}\" data-rapid_p=\"10\" data-v9y=\"1\">il \u00e9tait strictement paritaire<\/a> avec neuf femmes et neuf hommes.<\/p>\n<p>Cela ne l&rsquo;a pas emp\u00each\u00e9 d&rsquo;exploser par la suite pour des questions<a href=\"https:\/\/www.marianne.net\/politique\/les-deputes-ecolos-se-font-hara-kiri-lassemblee\" target=\"_blank\" rel=\"nofollow noopener\" data-rapid-elm=\"context_link\" data-ylk=\"elm:context_link\" data-rapid-sec=\"{&quot;entry-text&quot;:&quot;entry-text&quot;}\" data-rapid_p=\"12\" data-v9y=\"1\"> de carri\u00e9risme<\/a> bien d\u00e9solantes, sept membres allant contre la volont\u00e9 des militants en soutenant le Parti socialiste et le gouvernement Valls (certains passant ensuite au parti de Macron, le tout en deux ans). On notera cependant que ces dissidents d\u00e9loyaux n&rsquo;\u00e9taient, eux, pas paritaires, puisque cinq des sept \u00e9taient des hommes&#8230;<\/p>\n","protected":false},"excerpt":{"rendered":"<p>L&rsquo;arriv\u00e9e de Justin Trudeau au pouvoir aura \u00e9t\u00e9 marqu\u00e9e par sa r\u00e9ponse \u00e0 la question du gouvernement paritaire: \u00abParce qu&rsquo;on est en 2015\u00bb. Nous sommes d\u00e9sormais en 2018, et les d\u00e9bats sur la parit\u00e9 restent tr\u00e8s pr\u00e9sents dans les campagnes \u00e9lectorales au Canada, notamment l&rsquo;\u00e9lection qu\u00e9b\u00e9coise. Il n&rsquo;existe aucune loi sur la parit\u00e9 au Qu\u00e9bec, &hellip; <\/p>\n<p class=\"link-more\"><a href=\"https:\/\/maelrannou.fr\/vuedefrance\/2018\/08\/28\/parite-en-politique\/\" class=\"more-link\">Continuer la lecture<span class=\"screen-reader-text\"> de &laquo;&nbsp;Parit\u00e9 en politique&nbsp;&raquo;<\/span><\/a><\/p>\n","protected":false},"author":2,"featured_media":0,"comment_status":"open","ping_status":"open","sticky":false,"template":"","format":"standard","meta":{"footnotes":""},"categories":[1],"tags":[],"class_list":["post-195","post","type-post","status-publish","format-standard","hentry","category-non-classe"],"_links":{"self":[{"href":"https:\/\/maelrannou.fr\/vuedefrance\/wp-json\/wp\/v2\/posts\/195","targetHints":{"allow":["GET"]}}],"collection":[{"href":"https:\/\/maelrannou.fr\/vuedefrance\/wp-json\/wp\/v2\/posts"}],"about":[{"href":"https:\/\/maelrannou.fr\/vuedefrance\/wp-json\/wp\/v2\/types\/post"}],"author":[{"embeddable":true,"href":"https:\/\/maelrannou.fr\/vuedefrance\/wp-json\/wp\/v2\/users\/2"}],"replies":[{"embeddable":true,"href":"https:\/\/maelrannou.fr\/vuedefrance\/wp-json\/wp\/v2\/comments?post=195"}],"version-history":[{"count":2,"href":"https:\/\/maelrannou.fr\/vuedefrance\/wp-json\/wp\/v2\/posts\/195\/revisions"}],"predecessor-version":[{"id":199,"href":"https:\/\/maelrannou.fr\/vuedefrance\/wp-json\/wp\/v2\/posts\/195\/revisions\/199"}],"wp:attachment":[{"href":"https:\/\/maelrannou.fr\/vuedefrance\/wp-json\/wp\/v2\/media?parent=195"}],"wp:term":[{"taxonomy":"category","embeddable":true,"href":"https:\/\/maelrannou.fr\/vuedefrance\/wp-json\/wp\/v2\/categories?post=195"},{"taxonomy":"post_tag","embeddable":true,"href":"https:\/\/maelrannou.fr\/vuedefrance\/wp-json\/wp\/v2\/tags?post=195"}],"curies":[{"name":"wp","href":"https:\/\/api.w.org\/{rel}","templated":true}]}}