{"id":81,"date":"2014-02-11T22:11:38","date_gmt":"2014-02-11T21:11:38","guid":{"rendered":"http:\/\/maelrannou.fr\/vuedefrance\/?p=81"},"modified":"2018-03-03T22:11:56","modified_gmt":"2018-03-03T21:11:56","slug":"entretien-avec-andre-gattolin","status":"publish","type":"post","link":"https:\/\/maelrannou.fr\/vuedefrance\/2014\/02\/11\/entretien-avec-andre-gattolin\/","title":{"rendered":"Entretien avec Andr\u00e9 Gattolin, s\u00e9nateur \u00e9cologiste fran\u00e7ais, secr\u00e9taire du groupe d&rsquo;amiti\u00e9 France-Qu\u00e9bec"},"content":{"rendered":"<p><strong>Universitaire, passionn\u00e9 d&rsquo;Europe, militant f\u00e9d\u00e9raliste et compagnon de route de nombreuses associations \u00e9cologistes et humanitaires, Andr\u00e9 Gattolin a \u00e9t\u00e9 \u00e9lu s\u00e9nateur \u00e9cologiste en 2011. Passionn\u00e9 par les questions internationales (il est un des rares \u00e9lus \u00e0 revendiquer une \u00ab\u00a0action sans fronti\u00e8res\u00a0\u00bb sur son site), tr\u00e8s engag\u00e9 sur la question tib\u00e9taine, c&rsquo;est aussi un amoureux du Qu\u00e9bec, pour des raisons tant personnelles que professionnelles. Secr\u00e9taire de la commission des affaires europ\u00e9ennes, membre du groupe d&rsquo;amiti\u00e9 France-Canada et secr\u00e9taire de celui consacr\u00e9 aux relations France-Qu\u00e9bec, il nous \u00e9claire sur l&rsquo;utilit\u00e9 de ces groupes et l&rsquo;importance de la diplomatie parlementaire.<\/strong><\/p>\n<p style=\"text-align: center;\"><strong><a class=\"cboxElement\" href=\"http:\/\/p1.storage.canalblog.com\/11\/43\/1174139\/93823571_o.jpg\" target=\"_blank\" rel=\"noopener\" name=\"IMG_93823571\"><img decoding=\"async\" class=\"widthoriginal nonealign\" src=\"http:\/\/p1.storage.canalblog.com\/11\/43\/1174139\/93823571.jpg\" alt=\"tibet\" border=\"0\" \/><\/a><br \/>\n<\/strong> Lors du S<span id=\"fbPhotoSnowliftCaption\" class=\"fbPhotosPhotoCaption\" data-ft=\"{\"><span class=\"hasCaption\">alon de la Culture tib\u00e9taine 2012<\/span><\/span><\/p>\n<p><strong>Avant de parler en d\u00e9tail de tes fonctions peux-tu nous expliquer d&rsquo;o\u00f9 vient ton int\u00e9r\u00eat pour le Qu\u00e9bec ? Je sais que tu es tr\u00e8s investi sur la question tib\u00e9taine, si bien s\u00fbr ces deux peuples n&rsquo;ont rien \u00e0 voir du point de vue de l&rsquo;oppression je per\u00e7ois un int\u00e9r\u00eat pour les \u00ab nations sans \u00e9tats \u00bb.<\/strong><\/p>\n<p>Mon premier voyage au Qu\u00e9bec date de 1977, en pleine p\u00e9riode de revendication souverainiste. Avant ce voyage, j&rsquo;avais une image assez distordue et un peu idyllique de la belle province, port\u00e9e par mon go\u00fbt pour les po\u00e8tes, \u00e9crivains et musiciens qu\u00e9b\u00e9cois tr\u00e8s en vogue en France \u00e0 cette \u00e9poque. Ma d\u00e9couverte du pays a v\u00e9ritablement \u00e9t\u00e9 un choc\u00a0: je ne m&rsquo;attendais pas \u00e0 d\u00e9couvrir une soci\u00e9t\u00e9 aussi am\u00e9ricanis\u00e9e dans ses modes de vie et avec un tel contraste dans ses revendications politiques, culturelles et linguistiques. C&rsquo;est surtout au cours des dix derni\u00e8res ann\u00e9es que j&rsquo;ai appris \u00e0 mieux conna\u00eetre et comprendre le Qu\u00e9bec car je m&rsquo;y rends tr\u00e8s r\u00e9guli\u00e8rement. Entre mes voyages \u00e0 titre priv\u00e9 et mes d\u00e9placements es fonctions, je passe environ deux mois par an au Canada. J&rsquo;ai ainsi la chance de fr\u00e9quenter de nombreux intellectuels et politiques qu\u00e9b\u00e9cois et d&rsquo;avoir une assez bonne exp\u00e9rience de la vie quotidienne au Qu\u00e9bec. Mes interlocuteurs s&rsquo;amusent souvent \u00e0 me pr\u00e9senter comme le plus qu\u00e9b\u00e9cois des parlementaires fran\u00e7ais. C&rsquo;est \u00e0 ce titre notamment que j&rsquo;ai eu l&rsquo;occasion d&rsquo;accompagner Jean-Marc Ayrault, puis Jean-Pierre Bel, le Pr\u00e9sident du S\u00e9nat, lors de leurs visites officielles au Qu\u00e9bec l&rsquo;an pass\u00e9.<\/p>\n<p>Concernant mon engagement en faveur du Tibet, il est tr\u00e8s li\u00e9 \u00e0 mon engagement de tr\u00e8s longue date dans les domaines de l&rsquo;\u00e9cologie, de la d\u00e9fense des droits de l&rsquo;Homme et de la d\u00e9fense des peuples autochtones. Mon \u00e9lection au S\u00e9nat en septembre 2011 m&rsquo;a permis de d\u00e9multiplier mon implication en faveur du Tibet, car mes contacts sont facilit\u00e9s par ma fonction de parlementaire. Il est vrai que la tr\u00e8s large majorit\u00e9 des parlementaires fran\u00e7ais ne s&rsquo;int\u00e9resse gu\u00e8re aux questions ext\u00e9rieures \u00e0 l&rsquo;Hexagone et lorsque c&rsquo;est le cas, ils le font de mani\u00e8re souvent anecdotique et de fa\u00e7on excessivement institutionnelle. Il est en effet peu courant de voir un s\u00e9nateur manifester dans la rue aux c\u00f4t\u00e9s des militants de la cause tib\u00e9taine, aux c\u00f4t\u00e9s des Am\u00e9rindiens du mouvement Idle No More, aux c\u00f4t\u00e9s des \u00e9tudiants du Printemps \u00e9rable ou encore du c\u00f4t\u00e9 des d\u00e9fenseurs des libert\u00e9s civiles en Russie et des protecteurs de l&rsquo;Arctique&#8230; Mon engagement politique national a toujours \u00e9t\u00e9 indissociable de mes engagements transnationaux\u00a0: c&rsquo;est la moindre des choses dans un monde globalis\u00e9 o\u00f9 seuls les politiques vivent encore \u00e0 l&rsquo;heure un peu archa\u00efque des fronti\u00e8res de l&rsquo;Etat-nation.<\/p>\n<p>Alors, il y a \u00e9videmment une coh\u00e9rence dans l&rsquo;ensemble de mes engagements, y compris entre ceux qui se rapportent au Qu\u00e9bec et ceux qui concernent le Tibet. La situation globale du Qu\u00e9bec est \u00e9videmment assez fondamentalement diff\u00e9rente de celle du Tibet. Dans le premier cas, il s&rsquo;agit d&rsquo;une province qui dispose de nombre de comp\u00e9tences propres dans le cadre d&rsquo;un \u00e9tat f\u00e9d\u00e9ral et d\u00e9mocratique. S&rsquo;agissant du Tibet, nous sommes dans le cas d&rsquo;une nation qui voit sa culture, sa langue et ses droits fondamentaux ni\u00e9s par une puissance autoritaire et authentiquement imp\u00e9rialiste. Le dala\u00ef-lama ne demande pas l&rsquo;ind\u00e9pendance pour son peuple, mais l&rsquo;autonomie que la constitution chinoise est cens\u00e9e accorder aux r\u00e9gions qui compose la R\u00e9publique populaire de Chine. Pour autant, nous sommes effectivement dans le cas de deux nations sans \u00e9tat. Ma culture libertaire et mondialiste me conduit toujours \u00e0 me m\u00e9fier des \u00e9tats-nations au sens o\u00f9 on l&rsquo;entend depuis le XIXe si\u00e8cle. En tant qu&rsquo;\u00e9cologiste, j&rsquo;ai toujours certaines r\u00e9ticences \u00e0 l&rsquo;\u00e9gard des revendications d&rsquo;ind\u00e9pendance, au nom de la n\u00e9cessit\u00e9 de b\u00e2tir une structure \u00e9tatique, conduisent leurs d\u00e9fenseurs \u00e0 envisager une exploitation d\u00e9raisonnable des richesses naturelles contenues dans leur sous-sol&#8230; Le cas actuel du Groenland et de la Nouvelle-Cal\u00e9donie qui souhaitent financer leur ind\u00e9pendance par une extraction renforc\u00e9e de leurs richesses mini\u00e8res m&rsquo;inqui\u00e8tent. Concernant le Qu\u00e9bec, je souhaite et milite pour qu&rsquo;on ne d\u00e9vaste pas le Grand Nord au nom de la raison d&rsquo;\u00e9tat et de l&rsquo;aspiration \u00e0 la souverainet\u00e9.<\/p>\n<p><strong>Les groupes d&rsquo;amiti\u00e9s parlementaires sont souvent d\u00e9cri\u00e9s comme \u00e9tant opaques et sans fonction r\u00e9elle. C&rsquo;est vrai que l&rsquo;on en per\u00e7oit pas forc\u00e9ment bien les travaux, peux-tu nous expliquer l&rsquo;utilit\u00e9 de ces groupes et pr\u00e9senter exemples d&rsquo;actions ?\u00a0<\/strong><\/p>\n<p>Oui, les groupes parlementaires ont souvent \u00e9t\u00e9 d\u00e9cri\u00e9s et \u00e0 juste titre car certains en faisaient un usage plus touristique que v\u00e9ritablement politique. Certains \u00e9lus nourrissent au travers de ceux-ci des relations d&rsquo;influence douteuses avec des pays aux r\u00e9gimes peu recommandables. Mais la situation au cours des derni\u00e8res ann\u00e9es s&rsquo;est consid\u00e9rablement assainie. Les d\u00e9placements sont d\u00e9sormais tr\u00e8s limit\u00e9s en nombre, les groupes d&rsquo;amiti\u00e9s ont vu leurs budgets singuli\u00e8rement r\u00e9duits et les parlementaires doivent contribuer \u00e0 hauteur du quart du prix des voyages (ce qui freine les ardeurs). Ces groupes sont cependant essentiels \u00e0 plusieurs titres s&rsquo;ils sont correctement administr\u00e9s car, d&rsquo;une part, ils ouvrent un peu l&rsquo;esprit de nos parlementaires sur des r\u00e9alit\u00e9s internationales qu&rsquo;ils m\u00e9connaissent souvent et, d&rsquo;autre part, parce qu&rsquo;ils peuvent constituer une base pour la cr\u00e9ation d&rsquo;une diplomatie parlementaire telle qu&rsquo;il en existe dans d&rsquo;autres pays et qui permettent des \u00e9changes et des rapports diplomatiques plus directs et moins empreints de realpolitik que ceux g\u00e9n\u00e9ralement d\u00e9velopp\u00e9s par les chancelleries.<\/p>\n<p>Personnellement, je m&rsquo;implique beaucoup dans divers groupes d&rsquo;amiti\u00e9s du S\u00e9nat (Canada, Qu\u00e9bec, Tibet, Mongolie, Croatie, Italie&#8230;) car ce sont des pays que je connais bien et o\u00f9 j&rsquo;ai tiss\u00e9 des liens forts bien avant de devenir s\u00e9nateur. Au Qu\u00e9bec, nous avons fait un tr\u00e8s int\u00e9ressant voyage l&rsquo;an pass\u00e9 sur les probl\u00e9matiques de la foresterie et de la sant\u00e9 hospitali\u00e8re. C&rsquo;\u00e9tait un s\u00e9jour tr\u00e8s dense qui nous a permis de nouer des contacts \u00e9troits avec de nombreux parlementaires, experts et universitaires. Mais dans les groupes d&rsquo;amiti\u00e9s qui fonctionnent bien, les voyages ne sont qu&rsquo;une petite partie du travail que nous conduisons. Nous accueillons beaucoup de d\u00e9l\u00e9gations (pas seulement politiques), nous discutons et intervenons beaucoup aupr\u00e8s des ambassades, nous suivons les manifestations culturelles et intellectuelles organis\u00e9es par ces pays en France. Personnellement, je n&rsquo;ai pas de limite en mati\u00e8re de droit d&rsquo;ing\u00e9rence et je rencontre souvent \u00e0 titre personnel les partis, les mouvements et les ONG des pays concern\u00e9s. J&rsquo;ai r\u00e9cemment organis\u00e9 au S\u00e9nat la projection suivie d&rsquo;un d\u00e9bat d&rsquo;un excellent documentaire sur les sables bitumineux en collaboration avec les Amis de la Terre.<\/p>\n<p><strong>Il existe aussi un groupe d&rsquo;amiti\u00e9 France\u2013Qu\u00e9bec \u00e0 l&rsquo;Assembl\u00e9e nationale or il n&rsquo;y a qu&rsquo;une chambre parlementaire au Qu\u00e9bec, donc un m\u00eame interlocuteur. Je suppose que vous travaillez ensemble, comment faites-vous pour que les groupes ne se court-circuitent pas ?<\/strong><\/p>\n<p>Je suis \u00e0 la fois vice-pr\u00e9sident du groupe d&rsquo;amiti\u00e9 France-Canada, vice-pr\u00e9sident du groupe d&rsquo;amiti\u00e9 du groupe France-Qu\u00e9bec et membre depuis un an de l&rsquo;assembl\u00e9e interparlementaire franco-canadienne. Cette derni\u00e8re est une assembl\u00e9e institu\u00e9e par un trait\u00e9 entre nos deux pays qui regroupent des s\u00e9nateurs et des d\u00e9put\u00e9s des deux pays. Nous recevons et auditionnons des ministres f\u00e9d\u00e9raux assez r\u00e9guli\u00e8rement et ceux-ci r\u00e9pondent avec beaucoup de s\u00e9rieux \u00e0 nos questions.<\/p>\n<p>Concernant les deux groupes France-Qu\u00e9bec (celui du S\u00e9nat et celui de l&rsquo;Assembl\u00e9e nationale), nous nous connaissons bien et nous \u00e9vitons de traiter en m\u00eame temps des m\u00eames sujets. L&rsquo;Assembl\u00e9e nationale du Qu\u00e9bec qui est notre interlocuteur commun veille \u00e0 la bonne gestion des d\u00e9placements et \u00e9vite les doublons excessifs. Il faut dire aussi qu&rsquo;en France, m\u00eame s&rsquo;il y a deux chambres, nous nous rencontrons souvent entre d\u00e9put\u00e9s et s\u00e9nateurs et donc personne ne cherche \u00e0 court-circuiter l&rsquo;autre. C&rsquo;est d&rsquo;ailleurs avec la m\u00eame intelligence que nos deux groupes d&rsquo;information sur le Tibet travaillent ensemble. Derri\u00e8re les rivalit\u00e9s d&rsquo;op\u00e9rette, il faut savoir que les parlementaires ont des rapports tr\u00e8s civilis\u00e9s entre eux par del\u00e0 les clivages politiques. Bref, ce n&rsquo;est pas la guerre civile entre nous\u00a0!<\/p>\n<p style=\"text-align: center;\"><img loading=\"lazy\" decoding=\"async\" class=\"alignnone size-full wp-image-82\" src=\"https:\/\/maelrannou.fr\/vuedefrance\/wp-content\/uploads\/sites\/2\/2018\/03\/gattolin.jpg\" alt=\"\" width=\"435\" height=\"248\" srcset=\"https:\/\/maelrannou.fr\/vuedefrance\/wp-content\/uploads\/sites\/2\/2018\/03\/gattolin.jpg 435w, https:\/\/maelrannou.fr\/vuedefrance\/wp-content\/uploads\/sites\/2\/2018\/03\/gattolin-300x171.jpg 300w\" sizes=\"auto, (max-width: 435px) 100vw, 435px\" \/><\/p>\n<p><strong>La position diplomatique de la France sur la question ind\u00e9pendantiste est la m\u00eame depuis des ann\u00e9es : \u00ab non ing\u00e9rence, non indiff\u00e9rence \u00bb. Pourtant en cr\u00e9ant un groupe d&rsquo;amiti\u00e9 France \u2013 Qu\u00e9bec en plus du groupe France \u2013 Canada, il y une volont\u00e9 de parler d&rsquo;\u00e9tat \u00e0 \u00e9tat, comment l&rsquo;expliques-tu ?\u00a0<\/strong><\/p>\n<p>Oui, l&rsquo;existence de ces deux groupes est un peu une bizarrerie, mais elle r\u00e9sulte d&rsquo;une histoire tr\u00e8s \u00e9troite et tr\u00e8s intense entre la France et le Qu\u00e9bec, surtout depuis une certaine d\u00e9claration du g\u00e9n\u00e9ral de Gaulle. Volont\u00e9 de parler d&rsquo;\u00e9tat \u00e0 \u00e9tat\u00a0? Je ne pense pas que cela aille jusque-l\u00e0 &#8230; Les trait\u00e9s et les conventions internationales cadrent beaucoup nos relations. J&rsquo;ai souvenir en avril dernier quand j&rsquo;ai accompagn\u00e9 Jean-Marc Ayrault lors de son voyage officiel au Canada. Je l&rsquo;avais pr\u00e9venu quand il a d\u00e9clar\u00e9 \u00e0 son d\u00e9part que cela ferait des vagues \u00e0 Ottawa quand il a d\u00e9clar\u00e9 qu&rsquo;il venait en voyage officiel \u00ab\u00a0au Canada et au Qu\u00e9bec\u00a0\u00bb. Cela n&rsquo;a pas manqu\u00e9 \u00e0 son arriv\u00e9e dans la capitale f\u00e9d\u00e9rale o\u00f9 le Premier Ministre Harper et surtout la presse anglophone l&rsquo;a un peu battu froid&#8230; Mais l&rsquo;incident a vite \u00e9t\u00e9 oubli\u00e9. Les officiels canadiens ou qu\u00e9b\u00e9cois sont habitu\u00e9s aux bourdes de nos hommes et femmes politiques!!! A quelques exceptions pr\u00e8s, mes coll\u00e8gues et la plupart des ministres ont le m\u00eame niveau de connaissance r\u00e9elle de pays que celui que j&rsquo;avais lorsque je me suis rendu la premi\u00e8re fois au Qu\u00e9bec (et au Canada!) il y a plus de 35 ans.<\/p>\n<p>Concernant la question ind\u00e9pendantiste, je suis favorable \u00e0 une autonomie renforc\u00e9e du Qu\u00e9bec mais je ne suis pas partisan de l&rsquo;ind\u00e9pendance. Je suis un f\u00e9d\u00e9raliste et je ne crois gu\u00e8re \u00e0 la pleine ind\u00e9pendance d&rsquo;un Etat de 8 millions d&rsquo;habitants surtout quand il est aussi \u00e9troitement enchass\u00e9 dans le continent, l&rsquo;\u00e9conomie et la culture nord-am\u00e9ricaine et qu&rsquo;il est au c\u0153ur de la comp\u00e9tition mondiale. Je pense que si le Qu\u00e9bec voulait r\u00e9ellement prendre ses distances avec le reste du Canada et avec les Etats-Unis, il devrait imm\u00e9diatement passer un accord de coop\u00e9ration renforc\u00e9e avec l&rsquo;Union europ\u00e9enne. Mais je crois que nous en sommes loin&#8230;<\/p>\n<p><strong>Tu as \u00e9t\u00e9 \u00e9lu en 2011 et a donc connu la p\u00e9riode d&rsquo;\u00e9lection g\u00e9n\u00e9rales de 2012, avec la grande crise \u00e9tudiante qui a pr\u00e9c\u00e9d\u00e9. \u00c9tait-il possible dans ces conditions de travailler avec les parlementaires qu\u00e9b\u00e9cois ?<\/strong><\/p>\n<p>Je suis venu une fois en voyage officiel au Qu\u00e9bec durant le Printemps \u00e9rable et 3 autres fois lors de voyages priv\u00e9s. J&rsquo;ai vu le mouvement na\u00eetre notamment dans les d\u00e9partements d&rsquo;anthropologie et de sociologie \u00e0 l&rsquo;UQAM ainsi qu&rsquo;\u00e0 l&rsquo;UDeM. J&rsquo;ai pu discuter avec les \u00e9tudiants et les manifestants. J&rsquo;ai \u00e9chang\u00e9 \u00e0 ce sujet avec Pauline Marois et son entourage au moment o\u00f9 le mouvement commen\u00e7ait \u00e0 prendre un peu d&rsquo;ampleur. Elle nous a \u00e9cout\u00e9 avec beaucoup d&rsquo;attention, m\u00eame si elle avait beaucoup de distance \u00e0 ce moment-l\u00e0 avec les revendications \u00e9tudiantes. Il faut dire qu&rsquo;en France nous avons une certaine exp\u00e9rience des mouvements \u00e9tudiants&#8230; Cela m&rsquo;a beaucoup amus\u00e9 lorsque la S\u00e9curit\u00e9 du Qu\u00e9bec voulait m&#8217;emp\u00eacher (\u00ab\u00a0pour ma s\u00e9curit\u00e9 personnelle\u00a0\u00bb) de rejoindre un groupe d&rsquo;\u00e9tudiants qui squattaient gentiment dans le froid devant l&rsquo;Assembl\u00e9e nationale du Qu\u00e9bec alors que j&rsquo;\u00e9tais dans la rue avec les manifestants quelques jours plus t\u00f4t \u00e0 Montr\u00e9al\u00a0! Je devais aussi rencontrer Amir Khadir, mais un emp\u00eachement personnel ne lui a pas permis de me voir \u00e0 ce moment-l\u00e0. Ce n&rsquo;est que tardivement et surtout \u00e0 la suite de la loi sp\u00e9ciale 78 promulgu\u00e9e par le gouvernement de Jean Charest que le Parti qu\u00e9b\u00e9cois a pris des positions plus claires \u00e0 l&rsquo;\u00e9gard du mouvement de contestation qui s&rsquo;\u00e9largissait notamment en direction de son \u00e9lectorat traditionnel. J&rsquo;ai assist\u00e9 et particip\u00e9 \u00e0 de nombreuses manifestations spontan\u00e9es durant cette p\u00e9riode et je dois dire qu&rsquo;elles m&rsquo;ont profond\u00e9ment marqu\u00e9. Oui, les parlementaires qu\u00e9b\u00e9cois \u00e9taient largement d\u00e9pass\u00e9 par ce qu&rsquo;il se passait&#8230; un peu comme mes coll\u00e8gues fran\u00e7ais lorsqu&rsquo;il y a une importante mobilisation de la jeunesse. C&rsquo;est malheureusement un classique du genre\u00a0!<\/p>\n<p><a class=\"cboxElement\" href=\"http:\/\/p4.storage.canalblog.com\/46\/24\/1174139\/93823715_o.jpg\" target=\"_blank\" rel=\"noopener\" name=\"IMG_93823715\"><img decoding=\"async\" class=\"widthoriginal nonealign aligncenter\" src=\"http:\/\/p4.storage.canalblog.com\/46\/24\/1174139\/93823715.jpg\" alt=\"gatt\" border=\"0\" \/><\/a><\/p>\n<p><strong>De mani\u00e8re plus personnelle, sans que \u00e7a n&rsquo;engage le groupe parlementaire, on peut voir sur ton facebook public un certain nombres de soutiens \u00e0 des mouvements (les grandes manifestations \u00e9tudiantes de l&rsquo;\u00e9t\u00e9 2012) ou \u00e0 des partis et \u00e9lus (du Parti Vert mais aussi, de mani\u00e8re plus surprenante, Qu\u00e9bec Solidaire). Quand tu regardes la sc\u00e8ne politique qu\u00e9b\u00e9coise, quels sont les partis ou personnalit\u00e9s vers qui ton c\u0153ur balance ?\u00a0<\/strong><\/p>\n<p>Honn\u00eatement, je ne suis pas fascin\u00e9 par la sc\u00e8ne politique qu\u00e9b\u00e9coise, pas plus que je ne trouve la sc\u00e8ne politique fran\u00e7aise particuli\u00e8rement excitante&#8230; Cela ne veut pas dire qu&rsquo;il n&rsquo;y a pas des gens bien ici ou l\u00e0, mais globalement nous sommes quand m\u00eame dans une grande p\u00e9riode d\u00e9sesp\u00e9rance o\u00f9 il n&rsquo;y a gu\u00e8re de politiques qui cultivent une vision du monde en correspondance avec les grands enjeux de ce si\u00e8cle d\u00e9butant.<\/p>\n<p>Qui porte un v\u00e9ritable discours sur les grands enjeux \u00e9cologiques et climatiques que nous devons affronter, sur les bouleversements de la production, de la consommation et de la distribution engendr\u00e9s par l&rsquo;explosion des nouvelles technologies de l&rsquo;information\u00a0? Qui s&rsquo;interroge sur le devenir du social dans un monde globalis\u00e9 et excessivement d\u00e9r\u00e9gul\u00e9\u00a0? Qui propose une red\u00e9finition de la gouvernance \u00e0 l&rsquo;\u00e9chelle de la plan\u00e8te et \u00e0 l&rsquo;\u00e9chelle du local en reformulant un authentique pacte d\u00e9mocratique\u00a0? Personne. La t\u00e2che est rude et elle n\u00e9cessite une capacit\u00e9 de reformulation collective dont ne disposent pas les formations politiques actuelles&#8230; Ce qui me d\u00e9sesp\u00e8re le plus, c&rsquo;est la quasi-absence de r\u00e9flexion g\u00e9opolitique de nos dirigeants politiques. Ils g\u00e8rent au quotidien leur circonscription &#8211; leur terrain d&rsquo;\u00e9lection au sens propre et au sens figur\u00e9 &#8211; et ils ont bien du mal \u00e0 d\u00e9finir l&rsquo;int\u00e9r\u00eat g\u00e9n\u00e9ral \u00e0 l&rsquo;\u00e9chelle d&rsquo;un pays ou d&rsquo;une province&#8230; Alors peut-on leur demander de penser l&rsquo;int\u00e9r\u00eat g\u00e9n\u00e9ral et le bien commun \u00e0 l&rsquo;\u00e9chelle globale ou m\u00eame \u00e0 l&rsquo;\u00e9chelle d&rsquo;un continent\u00a0? Si je suis \u00e9cologiste, c&rsquo;est parce que c&rsquo;est encore le seul endroit o\u00f9 certains tentent de poser les bonnes questions, mais pour les r\u00e9ponses apport\u00e9es nous sommes encore tr\u00e8s loin du compte. Nous avons, je crois, beaucoup de bonnes id\u00e9es, mais elles sont encore assez mal articul\u00e9es entre elles et, surtout, il reste encore des trous b\u00e9ants sur des sujets tr\u00e8s importants. Depuis deux ans et demi que je suis parlementaire et que nous disposons d&rsquo;un groupe au S\u00e9nat, nous sommes forc\u00e9s de prendre des positions sur tous les sujets qui \u00e9mergent dans le champ politique. Avant \u2013 quand nous ne disposions pas d&rsquo;un temps de parole sur tous les sujets \u2013 c&rsquo;\u00e9tait relativement facile\u00a0: nous nous concentrions sur nos th\u00e8mes f\u00e9tiches, souvent sans nous poser la question de savoir si nous pouvions et voulions \u00eatre en mesure de convaincre une majorit\u00e9 politique de nous suivre&#8230;<\/p>\n<p>Oui, j&rsquo;ai un certain int\u00e9r\u00eat pour Qu\u00e9bec Solidaire qui a une vision plus ouverte du monde que d&rsquo;autres partis politiques qu\u00e9b\u00e9cois. Au passage, je suis atterr\u00e9 quand je regarde les infos TV au Canada ou que je lis la presse qu\u00e9b\u00e9coise, tant elle accorde peu de place aux questions internationales\u00a0! Qu\u00e9bec Solidaire me rappelle un peu les Verts fran\u00e7ais, avec une vraie pr\u00e9occupation concernant le social et l&rsquo;international, en plus des questions environnementales et \u00e9cologistes. Mais comme les Verts, je trouve que Qu\u00e9bec Solidaire p\u00eache par son absence de r\u00e9flexion v\u00e9ritablement autonome par rapport \u00e0 la gauche classique sur les questions sociales. C&rsquo;est une des grandes faiblesses de l&rsquo;\u00e9cologie politique que de se mettre \u00e0 la remorque de la pens\u00e9e socialiste lorsqu&rsquo;il s&rsquo;agit d&rsquo;appr\u00e9hender les questions \u00e9conomiques et sociales pour construire ses positions. En France, cela s&rsquo;explique par le fait que la majorit\u00e9 des militants et des \u00e9lus \u00e9cologistes ne proviennent pas des luttes environnementalistes, mais le plus souvent sont d&rsquo;anciens militants d&rsquo;extr\u00eame gauche engag\u00e9s de longue date dans le champ du social et du soci\u00e9tal. Du coup, ils tendent \u00e0 coller leur ancienne matrice d&rsquo;analyse sur tous ces sujets. Personnellement, les origines de mes engagements sont libertaires, profond\u00e9ment enracin\u00e9s dans une lecture non-marxiste de la soci\u00e9t\u00e9 et du rapport \u00e0 la politique. C&rsquo;est sans doute la raison pour laquelle je peine \u00e0 trouver l&rsquo;\u00e2me s\u0153ur en politique&#8230;<\/p>\n<p><strong>Pour aller plus loin :<\/strong><br \/>\n&#8211; Le <a href=\"http:\/\/andregattolin.eelv.fr\/\" target=\"_blank\" rel=\"noopener\">site d&rsquo;Andr\u00e9 Gattolin<\/a> ;<br \/>\n&#8211; Le <a href=\"http:\/\/ecologistes-senat.fr\/\" target=\"_blank\" rel=\"noopener\">site du groupe \u00e9colo au S\u00e9nat<\/a>.<\/p>\n<p><code>Cr\u00e9dit images : extraits du profil facebook d'Andr\u00e9 Gattolin.<\/code><\/p>\n","protected":false},"excerpt":{"rendered":"<p>Universitaire, passionn\u00e9 d&rsquo;Europe, militant f\u00e9d\u00e9raliste et compagnon de route de nombreuses associations \u00e9cologistes et humanitaires, Andr\u00e9 Gattolin a \u00e9t\u00e9 \u00e9lu s\u00e9nateur \u00e9cologiste en 2011. Passionn\u00e9 par les questions internationales (il est un des rares \u00e9lus \u00e0 revendiquer une \u00ab\u00a0action sans fronti\u00e8res\u00a0\u00bb sur son site), tr\u00e8s engag\u00e9 sur la question tib\u00e9taine, c&rsquo;est aussi un amoureux du &hellip; <\/p>\n<p class=\"link-more\"><a href=\"https:\/\/maelrannou.fr\/vuedefrance\/2014\/02\/11\/entretien-avec-andre-gattolin\/\" class=\"more-link\">Continuer la lecture<span class=\"screen-reader-text\"> de &laquo;&nbsp;Entretien avec Andr\u00e9 Gattolin, s\u00e9nateur \u00e9cologiste fran\u00e7ais, secr\u00e9taire du groupe d&rsquo;amiti\u00e9 France-Qu\u00e9bec&nbsp;&raquo;<\/span><\/a><\/p>\n","protected":false},"author":2,"featured_media":82,"comment_status":"open","ping_status":"open","sticky":false,"template":"","format":"standard","meta":{"footnotes":""},"categories":[16],"tags":[123,98,56,124,51,10,13,14,125],"class_list":["post-81","post","type-post","status-publish","format-standard","has-post-thumbnail","hentry","category-entretien","tag-andre-gattolin","tag-ecologie","tag-france","tag-groupe-damitie","tag-pauline-marois","tag-printemps-erable","tag-quebec","tag-quebec-solidaire","tag-senat"],"_links":{"self":[{"href":"https:\/\/maelrannou.fr\/vuedefrance\/wp-json\/wp\/v2\/posts\/81","targetHints":{"allow":["GET"]}}],"collection":[{"href":"https:\/\/maelrannou.fr\/vuedefrance\/wp-json\/wp\/v2\/posts"}],"about":[{"href":"https:\/\/maelrannou.fr\/vuedefrance\/wp-json\/wp\/v2\/types\/post"}],"author":[{"embeddable":true,"href":"https:\/\/maelrannou.fr\/vuedefrance\/wp-json\/wp\/v2\/users\/2"}],"replies":[{"embeddable":true,"href":"https:\/\/maelrannou.fr\/vuedefrance\/wp-json\/wp\/v2\/comments?post=81"}],"version-history":[{"count":1,"href":"https:\/\/maelrannou.fr\/vuedefrance\/wp-json\/wp\/v2\/posts\/81\/revisions"}],"predecessor-version":[{"id":83,"href":"https:\/\/maelrannou.fr\/vuedefrance\/wp-json\/wp\/v2\/posts\/81\/revisions\/83"}],"wp:featuredmedia":[{"embeddable":true,"href":"https:\/\/maelrannou.fr\/vuedefrance\/wp-json\/wp\/v2\/media\/82"}],"wp:attachment":[{"href":"https:\/\/maelrannou.fr\/vuedefrance\/wp-json\/wp\/v2\/media?parent=81"}],"wp:term":[{"taxonomy":"category","embeddable":true,"href":"https:\/\/maelrannou.fr\/vuedefrance\/wp-json\/wp\/v2\/categories?post=81"},{"taxonomy":"post_tag","embeddable":true,"href":"https:\/\/maelrannou.fr\/vuedefrance\/wp-json\/wp\/v2\/tags?post=81"}],"curies":[{"name":"wp","href":"https:\/\/api.w.org\/{rel}","templated":true}]}}